{"id":94869,"date":"2020-07-01T12:00:18","date_gmt":"2020-07-01T10:00:18","guid":{"rendered":"https:\/\/www.foment.com\/la-sagrada-familia-obrira-les-portes-el-4-de-juliol\/"},"modified":"2020-07-01T12:17:05","modified_gmt":"2020-07-01T10:17:05","slug":"la-sagrada-familia-abrira-las-puertas-el-4-de-julio","status":"publish","type":"post","link":"https:\/\/www.foment.com\/es\/la-sagrada-familia-abrira-las-puertas-el-4-de-julio\/","title":{"rendered":"La Sagrada Familia abrir\u00e1 sus puertas el 4 de julio"},"content":{"rendered":"<section class=\"wpb-content-wrapper\"><p>[vc_row][vc_column][vc_column_text]<\/p>\n<ul>\n<li><strong>\u00a0\u201c<\/strong>Fase Homenaje\u201d en reconocimiento del esfuerzo de los principales actores implicados<\/li>\n<\/ul>\n<p>La Sagrada Familia reabrir\u00e1 sus puertas el pr\u00f3ximo 4 de julio y seguir\u00e1 un proceso de apertura progresivo en varias fases. Su principal objetivo es reconocer y<br \/>\nhomenajear a los ciudadanos de Barcelona, \u200b\u200bespecialmente aquellos que han estado en primera l\u00ednea de la lucha y prevenci\u00f3n contra los efectos de la Covid-19.<\/p>\n<p>La primera fase de apertura, llamada \u00ab<strong>Fase Homenaje<\/strong>\u00bb, permitir\u00e1 visitar la Sagrada Familia al personal sanitario de los principales hospitales de la ciudad, los agentes de los diferentes cuerpos que han velado por la seguridad de Barcelona, \u200b\u200bal personal de entidades sociales y ONG , y a las <strong>organizaciones empresariales y de comercios<\/strong>. Esta fase se llevar\u00e1 a cabo los d\u00edas <strong>4 y 5 de julio y 11 y 12 de julio<\/strong>.<\/p>\n<p>Vuestro esfuerzo ha sido muy importante en la lucha contra la pandemia!<\/p>\n<p>Pide tus <a href=\"mailto:msanchez@foment.com\" target=\"_blank\" rel=\"noopener noreferrer\">entradas<\/a>, y despu\u00e9s, recibir\u00e1 un mail con el enlace y los c\u00f3digos para descargarlas.<\/p>\n<p>Adem\u00e1s, en la entrada encontrar\u00e1 las instrucciones para descargar la app de la Sagrada Familia con la que podr\u00e1 acceder a las explicaciones de la audiogu\u00eda desde el propio m\u00f3vil.[\/vc_column_text][\/vc_column][\/vc_row][vc_row][vc_column width=\u00bb1\/3&#8243;][\/vc_column][vc_column width=\u00bb1\/3&#8243;]<div class=\"video-embed  wpb_content_element\"><iframe title=\"sagrada familia restart v11 master graf\" width=\"1161\" height=\"653\" src=\"https:\/\/www.youtube.com\/embed\/dCaBFeibepI?feature=oembed\" frameborder=\"0\" allow=\"accelerometer; autoplay; clipboard-write; encrypted-media; gyroscope; picture-in-picture; web-share\" referrerpolicy=\"strict-origin-when-cross-origin\" allowfullscreen><\/iframe><\/div>[\/vc_column][vc_column width=\u00bb1\/3&#8243;][\/vc_column][\/vc_row][vc_row][vc_column width=\u00bb1\/1&#8243;]<div class=\"spacer\" style=\"height: 40px;\"><\/div>[vc_column_text]<\/p>\n<p style=\"text-align: center;\"><b>Los d\u00edas y horas disponibles en la\u00a0 \u201cFase Homenatge\u201d son:<\/b><br \/>\nS\u00e1bado, 04\/07\/2020 de 10:00h a 14:00h (cierre de la Bas\u00edlica a las 14:30h)<br \/>\nDomingo, 05\/07\/2020 de 15:30h a 19:30h (cierre a las 20:00h)<br \/>\nS\u00e1bado, 11\/07\/2020 de 15:30h a 19:30h (cierre a las 20:00h)<br \/>\nDomingo, 12\/07\/2010 de 15:30h a 19:30h (cierre a las 20:00h)<\/p>\n<p>[\/vc_column_text][\/vc_column][\/vc_row]<\/p>\n<\/section>","protected":false},"excerpt":{"rendered":"<p>[vc_row][vc_column][vc_column_text] \u00a0\u201cFase Homenaje\u201d en reconocimiento del esfuerzo de los principales actores implicados La Sagrada Familia reabrir\u00e1 sus puertas el pr\u00f3ximo 4 de julio y seguir\u00e1 un proceso de apertura progresivo en varias fases. Su principal objetivo es reconocer y homenajear a los ciudadanos de Barcelona, \u200b\u200bespecialmente aquellos que han estado en primera l\u00ednea de la lucha y prevenci\u00f3n contra los efectos de la Covid-19. La primera fase de apertura, llamada \u00abFase Homenaje\u00bb, permitir\u00e1 visitar la Sagrada Familia al personal sanitario de los principales hospitales de la ciudad, los agentes de los diferentes cuerpos que han velado por la seguridad de Barcelona, \u200b\u200bal personal de entidades sociales y ONG , y a las organizaciones empresariales y de comercios. Esta fase se llevar\u00e1 a cabo los d\u00edas 4 y 5 de julio y 11 y 12 de julio. Vuestro esfuerzo ha sido muy importante en la lucha contra la pandemia! Pide tus entradas, y despu\u00e9s, recibir\u00e1 un mail con el enlace y los c\u00f3digos para descargarlas. Adem\u00e1s, en la entrada encontrar\u00e1 las instrucciones para descargar la app de la Sagrada Familia con la que podr\u00e1 acceder a las explicaciones de la audiogu\u00eda desde el propio m\u00f3vil.[\/vc_column_text][\/vc_column][\/vc_row][vc_row][vc_column width=\u00bb1\/3&#8243;][\/vc_column][vc_column width=\u00bb1\/3&#8243;][\/vc_column][vc_column width=\u00bb1\/3&#8243;][\/vc_column][\/vc_row][vc_row][vc_column width=\u00bb1\/1&#8243;][vc_column_text] Los d\u00edas [&hellip;]<\/p>\n","protected":false},"author":7,"featured_media":94868,"comment_status":"closed","ping_status":"closed","sticky":false,"template":"","format":"standard","meta":{"_links_to":"","_links_to_target":""},"categories":[2735,114,68],"tags":[3671,3672,3673,3670],"acf":[],"wps_subtitle":"La Bas\u00edlica transforma la reapertura en un reconocimiento a la ciudadan\u00eda de Barcelona","_links":{"self":[{"href":"https:\/\/www.foment.com\/es\/wp-json\/wp\/v2\/posts\/94869"}],"collection":[{"href":"https:\/\/www.foment.com\/es\/wp-json\/wp\/v2\/posts"}],"about":[{"href":"https:\/\/www.foment.com\/es\/wp-json\/wp\/v2\/types\/post"}],"author":[{"embeddable":true,"href":"https:\/\/www.foment.com\/es\/wp-json\/wp\/v2\/users\/7"}],"replies":[{"embeddable":true,"href":"https:\/\/www.foment.com\/es\/wp-json\/wp\/v2\/comments?post=94869"}],"version-history":[{"count":2,"href":"https:\/\/www.foment.com\/es\/wp-json\/wp\/v2\/posts\/94869\/revisions"}],"predecessor-version":[{"id":94872,"href":"https:\/\/www.foment.com\/es\/wp-json\/wp\/v2\/posts\/94869\/revisions\/94872"}],"wp:featuredmedia":[{"embeddable":true,"href":"https:\/\/www.foment.com\/es\/wp-json\/wp\/v2\/media\/94868"}],"wp:attachment":[{"href":"https:\/\/www.foment.com\/es\/wp-json\/wp\/v2\/media?parent=94869"}],"wp:term":[{"taxonomy":"category","embeddable":true,"href":"https:\/\/www.foment.com\/es\/wp-json\/wp\/v2\/categories?post=94869"},{"taxonomy":"post_tag","embeddable":true,"href":"https:\/\/www.foment.com\/es\/wp-json\/wp\/v2\/tags?post=94869"}],"curies":[{"name":"wp","href":"https:\/\/api.w.org\/{rel}","templated":true}]}}