{"id":95032,"date":"2020-07-02T14:11:42","date_gmt":"2020-07-02T12:11:42","guid":{"rendered":"https:\/\/www.foment.com\/juny-registra-pitjors-dades-atur-2009\/"},"modified":"2020-07-02T14:50:48","modified_gmt":"2020-07-02T12:50:48","slug":"juny-registra-pitjors-dades-atur-2009","status":"publish","type":"post","link":"https:\/\/www.foment.com\/es\/juny-registra-pitjors-dades-atur-2009\/","title":{"rendered":"Junio registra los peores datos del paro desde 2009"},"content":{"rendered":"<section class=\"wpb-content-wrapper\"><p>[vc_row][vc_column][vc_column_text]<\/p>\n<ul>\n<li><strong>Foment valora negativamente los datos de paro de junio. En a\u00f1os anteriores se produjo un descenso muy significativo del desempleo.<\/strong><\/li>\n<li><strong>Es imprescindible que se prorroguen os ERTES en las condiciones iniciales durante el tiempo que precisen las empresas.<\/strong><\/li>\n<\/ul>\n<p>El n\u00famero de desempleados en Catalu\u00f1a se ha incrementado este mes de junio en 1.870 personas (0,39%) respecto al mes anterior. En t\u00e9rminos interanuales, el paro registrado se ha incrementado en 127.747 personas (35,76%). A nivel interanual, Catalu\u00f1a es la segunda Comunidad Aut\u00f3noma despu\u00e9s de Islas Baleares en la que en t\u00e9rminos relativos m\u00e1s ha aumentado el paro en este mes de junio, siendo la variaci\u00f3n interanual de este mes de junio la peor desde diciembre de 2009.\u00a0 De esta forma, el n\u00famero de desempleados en Catalu\u00f1a es de 485.019 personas. Respecto a la contrataci\u00f3n, se han efectuado m\u00e1s contratos que el mes anterior (58.106 contratos m\u00e1s). En t\u00e9rminos interanuales se han realizo 140.894 contratos menos (-46,14%). Se mantiene la dualidad entre los contratos temporales que representan el 86,15%, y los indefinidos que representan el 13,85% del total de contratos realizados en este mes.<\/p>\n<p>Foment del Treball Nacional valora negativamente los datos de paro registrado correspondientes al mes de junio, puesto que si bien cuantitativamente el incremento del paro no es muy elevado, se trata de un mes en el que en a\u00f1os anteriores se produc\u00eda un descenso muy significativo del desempleo.<\/p>\n<p>La afiliaci\u00f3n ha crecido en junio en 15.690 ocupados en Catalu\u00f1a y 68.208 en el conjunto de Espa\u00f1a, pero se percibe el impacto de la crisis con un descenso interanual de 178.184 afiliados menos en Catalu\u00f1a y 893.361 en Espa\u00f1a en variaci\u00f3n interanual.<\/p>\n<p>La contrataci\u00f3n sigue en cifras muy negativas en comparaci\u00f3n con junio del a\u00f1o anterior, aunque con una cierta tendencia positiva compar\u00e1ndola con los meses anteriores.<\/p>\n<p>Respecto a los ERTES se observa una progresiva reabsorci\u00f3n de los trabajadores que estaban afectados puesto que a 30 de junio en Espa\u00f1a tenemos 1\u00b483 millones de afectados por ERTE, mientras que al finalizar mayo la cifra se situaba en torno a los 3 millones. En Catalu\u00f1a, a 30 de junio los afectados por ERTES eran 381.968 trabajadores, mientras que a final de mayo eran 618.780 trabajadores.<\/p>\n<p>En conclusi\u00f3n, las cifras de paro y contrataci\u00f3n al mes de junio son negativas, los datos interanuales son muy negativos y muestran los efectos de la crisis del Covid-19, si bien se observan mejoras en junio en el empleo en diversos sectores respecto a los meses anteriores y se aprecia una destacable reincorporaci\u00f3n de los trabajadores afectados por los ERTES como consecuencia de la reactivaci\u00f3n de algunas actividades.<\/p>\n<p>En consecuencia, es imprescindible que se prorroguen los ERTES en las condiciones iniciales durante todo el tiempo que precisen las empresas para superar la situaci\u00f3n derivada del Covid-19, suprimir las medidas reguladas recientemente que limitan el poder de direcci\u00f3n empresarial y su capacidad de gestionar sus recursos humanos y permitir una mayor flexibilizaci\u00f3n de las relaciones laborales para poder gestionar y superar el actual contexto de gran dificultad para las empresas.[\/vc_column_text]<div class=\"single_image wpb_content_element align-left    \" data-animation=\"none\" data-delay=\"0\"><img width=\"893\" height=\"414\" src=\"https:\/\/www.foment.com\/wp-content\/uploads\/2020\/07\/Grafic-1.jpg\" class=\"attachment-full\" alt=\"\" loading=\"lazy\" title=\"Grafic 1\" \/><\/div>[vc_column_text]La cifra del paro registrado en Catalu\u00f1a se sit\u00faa en 485.019 personas desempleadas.<\/p>\n<p><u>En t\u00e9rminos interanuales<\/u>, del paro registrado del 35,76%, supone un incremento de 127.747 personas desempleadas m\u00e1s respecto del mismo mes del a\u00f1o anterior.[\/vc_column_text]<div class=\"single_image wpb_content_element align-left    \" data-animation=\"none\" data-delay=\"0\"><img width=\"893\" height=\"482\" src=\"https:\/\/www.foment.com\/wp-content\/uploads\/2020\/07\/Grafic-2.jpg\" class=\"attachment-full\" alt=\"\" loading=\"lazy\" title=\"Grafic 2\" \/><\/div>[vc_column_text]Respecto a la <u>variaci\u00f3n mensual<\/u>, en Catalu\u00f1a, en este mes de junio de 2020 el paro ha registrado un incremento de 1.870 personas desempleadas m\u00e1s respecto al mes anterior (un aumento del 0,39% en t\u00e9rminos relativos).[\/vc_column_text]<div class=\"single_image wpb_content_element align-left    \" data-animation=\"none\" data-delay=\"0\"><img width=\"1000\" height=\"739\" src=\"https:\/\/www.foment.com\/wp-content\/uploads\/2020\/07\/Grafic-3.jpg\" class=\"attachment-full\" alt=\"\" loading=\"lazy\" title=\"Grafic 3\" \/><\/div>[vc_column_text]Por sectores, el incremento del\u00a0 paro registrado se concentra en el sector servicios (1.710), personas sin empleo anterior (1.666) y agricultura (573). En industria y construcci\u00f3n el paro se ha reducido, respectivamente, en 727 y 1.352 personas.<\/p>\n<p>Por provincias, el paro registrado se ha incrementado en Barcelona en 3.226 personas y en Tarragona\u00a0 en 41 personas. En Girona se ha reducido en 838 personas y en Lleida en 559 personas. En t\u00e9rminos interanuales, el paro se incrementa en un 33,79% en Barcelona, un 46,70% en Girona, un 31,39% en Lleida y en un 42,15% en Tarragona.<\/p>\n<p>El paro registrado en cada provincia se sit\u00faa este mes de junio en 358.247 en Barcelona, 45.523 en Girona, 22.933 en Lleida y 58.316 en Tarragona.<\/p>\n<p><u>Contrataci\u00f3n<\/u>. Respecto al n\u00famero de contratos registrados durante el mes de junio en Catalu\u00f1a, el n\u00famero de contratos se sit\u00faa en 164.438 contratos, de los cuales 13,85% (22.771 contratos) lo han sido de car\u00e1cter indefinido, y el resto (86,15%, es decir, 141.667 contratos) han sido temporales. El n\u00famero de contratos registrados en Catalu\u00f1a ha aumentado en un 54,65% respecto al mes anterior (58.106 contratos m\u00e1s) y se ha reducido en un 46,14% menos respecto al mes de junio de 2019 (-140.894 contratos menos).<\/p>\n<p><u>A <\/u><u>nivel estatal<\/u> el paro registrado se ha incrementado en 5.107 personas en relaci\u00f3n al mes anterior (0,13%). La cifra de paro a nivel estatal se sit\u00faa en el mes de junio de 2020 en 3.862.883 \u00a0personas\u00a0 (28,09% en t\u00e9rminos anuales).<\/p>\n<p><u>Afiliaci\u00f3n.<\/u> En Catalu\u00f1a, el n\u00famero de afiliados a la Seguridad Social se ha situado en el mes de junio de 2020 en\u00a0 3.330.259 ocupados, lo que supone 15.690 ocupados m\u00e1s respecto el mes de mayo de 2020 (0,47%), y 178.184 ocupados menos respecto al mismo mes del a\u00f1o anterior (-5,08%).[\/vc_column_text]<div class=\"single_image wpb_content_element align-left    \" data-animation=\"none\" data-delay=\"0\"><img width=\"906\" height=\"449\" src=\"https:\/\/www.foment.com\/wp-content\/uploads\/2020\/07\/Grafic-4.jpg\" class=\"attachment-full\" alt=\"\" loading=\"lazy\" title=\"Grafic 4\" \/><\/div>[vc_column_text]<u>En \u00e1mbito estatal<\/u> el n\u00famero de afiliados a la Seguridad Social se ha situado en el mes de junio en 18.624.337 ocupados, lo que supone un incremento de 68.208 personas afiliadas respecto al mes anterior\u00a0 (0,37%), y en t\u00e9rminos interanuales la afiliaci\u00f3n registr\u00f3 un descenso de 893.361 afiliados (-4,58%).[\/vc_column_text][\/vc_column][\/vc_row]<\/p>\n<\/section>","protected":false},"excerpt":{"rendered":"<p>[vc_row][vc_column][vc_column_text] Foment valora negativamente los datos de paro de junio. En a\u00f1os anteriores se produjo un descenso muy significativo del desempleo. Es imprescindible que se prorroguen os ERTES en las condiciones iniciales durante el tiempo que precisen las empresas. El n\u00famero de desempleados en Catalu\u00f1a se ha incrementado este mes de junio en 1.870 personas (0,39%) respecto al mes anterior. En t\u00e9rminos interanuales, el paro registrado se ha incrementado en 127.747 personas (35,76%). A nivel interanual, Catalu\u00f1a es la segunda Comunidad Aut\u00f3noma despu\u00e9s de Islas Baleares en la que en t\u00e9rminos relativos m\u00e1s ha aumentado el paro en este mes de junio, siendo la variaci\u00f3n interanual de este mes de junio la peor desde diciembre de 2009.\u00a0 De esta forma, el n\u00famero de desempleados en Catalu\u00f1a es de 485.019 personas. Respecto a la contrataci\u00f3n, se han efectuado m\u00e1s contratos que el mes anterior (58.106 contratos m\u00e1s). En t\u00e9rminos interanuales se han realizo 140.894 contratos menos (-46,14%). Se mantiene la dualidad entre los contratos temporales que representan el 86,15%, y los indefinidos que representan el 13,85% del total de contratos realizados en este mes. Foment del Treball Nacional valora negativamente los datos de paro registrado correspondientes al mes de junio, puesto [&hellip;]<\/p>\n","protected":false},"author":10,"featured_media":95031,"comment_status":"closed","ping_status":"closed","sticky":false,"template":"","format":"standard","meta":{"_links_to":"","_links_to_target":""},"categories":[114,73],"tags":[303,304,619],"acf":[],"wps_subtitle":"Los datos interanuales son muy negativos y muestran los efectos de la crisis del covid-19","_links":{"self":[{"href":"https:\/\/www.foment.com\/es\/wp-json\/wp\/v2\/posts\/95032"}],"collection":[{"href":"https:\/\/www.foment.com\/es\/wp-json\/wp\/v2\/posts"}],"about":[{"href":"https:\/\/www.foment.com\/es\/wp-json\/wp\/v2\/types\/post"}],"author":[{"embeddable":true,"href":"https:\/\/www.foment.com\/es\/wp-json\/wp\/v2\/users\/10"}],"replies":[{"embeddable":true,"href":"https:\/\/www.foment.com\/es\/wp-json\/wp\/v2\/comments?post=95032"}],"version-history":[{"count":2,"href":"https:\/\/www.foment.com\/es\/wp-json\/wp\/v2\/posts\/95032\/revisions"}],"predecessor-version":[{"id":95034,"href":"https:\/\/www.foment.com\/es\/wp-json\/wp\/v2\/posts\/95032\/revisions\/95034"}],"wp:featuredmedia":[{"embeddable":true,"href":"https:\/\/www.foment.com\/es\/wp-json\/wp\/v2\/media\/95031"}],"wp:attachment":[{"href":"https:\/\/www.foment.com\/es\/wp-json\/wp\/v2\/media?parent=95032"}],"wp:term":[{"taxonomy":"category","embeddable":true,"href":"https:\/\/www.foment.com\/es\/wp-json\/wp\/v2\/categories?post=95032"},{"taxonomy":"post_tag","embeddable":true,"href":"https:\/\/www.foment.com\/es\/wp-json\/wp\/v2\/tags?post=95032"}],"curies":[{"name":"wp","href":"https:\/\/api.w.org\/{rel}","templated":true}]}}