{"id":95554,"date":"2020-07-14T13:21:55","date_gmt":"2020-07-14T11:21:55","guid":{"rendered":"https:\/\/www.foment.com\/foment-defensa-consolidar-relacions-comercials-republica-dominicana-i-catalunya\/"},"modified":"2020-07-14T15:23:10","modified_gmt":"2020-07-14T13:23:10","slug":"foment-defiende-consolidar-relaciones-comerciales-republica-dominicana-y-cataluna","status":"publish","type":"post","link":"https:\/\/www.foment.com\/es\/foment-defiende-consolidar-relaciones-comerciales-republica-dominicana-y-cataluna\/","title":{"rendered":"Foment  del Treball defiende consolidar las relaciones comerciales entre la Rep\u00fablica Dominicana y Catalu\u00f1a"},"content":{"rendered":"<section class=\"wpb-content-wrapper\"><p>[vc_row][vc_column][vc_column_text]<\/p>\n<ul>\n<li><strong>El objetivo del encuentro es fortalecer las relaciones comerciales empresariales entre Catalu\u00f1a y la Rep\u00fablica Dominicana a partir del 16 de agosto con la toma de posesi\u00f3n del nuevo presidente Luis Abinader.<\/strong><\/li>\n<\/ul>\n<p>El president de Foment del Treball, <strong>Josep S\u00e1nchez Llibre<\/strong>, se ha reunido esta ma\u00f1ana con el coordinador de Campa\u00f1a PRM-Europa, <strong>Antonio G\u00f3mez<\/strong>, que ha planteado a la instituci\u00f3n catalana la importancia de allanar el camino\u00a0 para consolidar las relaciones comerciales entre la Republica Dominicana y \u00a0Espa\u00f1a.<\/p>\n<p>Sanchez Llibre\u00a0 ha manifestado la voluntad de Foment de colaborar con esta iniciativa para \u201cfacilitar que los empresarios de Catalu\u00f1a contin\u00faen abriendo\u00a0 nichos de mercados en la Rep\u00fablica Dominicana y \u00a0viceversa\u201d.<\/p>\n<p>Por su parte, Antonio G\u00f3mez ha se\u00f1alado que espera que el encuentro sea fruct\u00edfero porque \u201cpodemos llegar acuerdos en numerosos aspectos comerciales y de inversiones que beneficien, considerablemente, a ambas partes, a la Rep\u00fablica Dominicana y a Catalu\u00f1a. Y ha remarcado que \u201cla nueva pol\u00edtica de inversi\u00f3n extranjera es una de las prioridades del presidente electo Luis Abinader, en el \u00e1mbito internacional\u201d.<\/p>\n<p>La Uni\u00f3n Europea es el segundo socio comercial de la Republica Dominicana. La reuni\u00f3n se enmarca dentro de una serie de visitas programadas por la Campa\u00f1a PRM-Europa con el sector empresarial espa\u00f1ol para fortalecer los lazos comerciales con el gobierno que encabezar\u00e1 Luis Abinader, a partir del 16 de agosto.[\/vc_column_text]<div class=\"flexslider wpb_content_element\"><ul class=\"slides\"><li><img src=\"https:\/\/www.foment.com\/wp-content\/uploads\/2020\/07\/DSC_0696-1.jpg\" alt=\"\" \/><\/li><li><img src=\"https:\/\/www.foment.com\/wp-content\/uploads\/2020\/07\/DSC_0691.jpg\" alt=\"\" \/><\/li><li><img src=\"https:\/\/www.foment.com\/wp-content\/uploads\/2020\/07\/DSC_0706.jpg\" alt=\"\" \/><\/li><\/ul><\/div>[\/vc_column][\/vc_row]<\/p>\n<\/section>","protected":false},"excerpt":{"rendered":"<p>[vc_row][vc_column][vc_column_text] El objetivo del encuentro es fortalecer las relaciones comerciales empresariales entre Catalu\u00f1a y la Rep\u00fablica Dominicana a partir del 16 de agosto con la toma de posesi\u00f3n del nuevo presidente Luis Abinader. El president de Foment del Treball, Josep S\u00e1nchez Llibre, se ha reunido esta ma\u00f1ana con el coordinador de Campa\u00f1a PRM-Europa, Antonio G\u00f3mez, que ha planteado a la instituci\u00f3n catalana la importancia de allanar el camino\u00a0 para consolidar las relaciones comerciales entre la Republica Dominicana y \u00a0Espa\u00f1a. Sanchez Llibre\u00a0 ha manifestado la voluntad de Foment de colaborar con esta iniciativa para \u201cfacilitar que los empresarios de Catalu\u00f1a contin\u00faen abriendo\u00a0 nichos de mercados en la Rep\u00fablica Dominicana y \u00a0viceversa\u201d. Por su parte, Antonio G\u00f3mez ha se\u00f1alado que espera que el encuentro sea fruct\u00edfero porque \u201cpodemos llegar acuerdos en numerosos aspectos comerciales y de inversiones que beneficien, considerablemente, a ambas partes, a la Rep\u00fablica Dominicana y a Catalu\u00f1a. Y ha remarcado que \u201cla nueva pol\u00edtica de inversi\u00f3n extranjera es una de las prioridades del presidente electo Luis Abinader, en el \u00e1mbito internacional\u201d. La Uni\u00f3n Europea es el segundo socio comercial de la Republica Dominicana. La reuni\u00f3n se enmarca dentro de una serie de visitas programadas por la Campa\u00f1a PRM-Europa con [&hellip;]<\/p>\n","protected":false},"author":10,"featured_media":95562,"comment_status":"closed","ping_status":"closed","sticky":false,"template":"","format":"standard","meta":{"_links_to":"","_links_to_target":""},"categories":[114,72],"tags":[3689,2527,1557],"acf":[],"wps_subtitle":"El presidente de la patronal ha recibido al coordinador de la Campa\u00f1a del PRM en Europa","_links":{"self":[{"href":"https:\/\/www.foment.com\/es\/wp-json\/wp\/v2\/posts\/95554"}],"collection":[{"href":"https:\/\/www.foment.com\/es\/wp-json\/wp\/v2\/posts"}],"about":[{"href":"https:\/\/www.foment.com\/es\/wp-json\/wp\/v2\/types\/post"}],"author":[{"embeddable":true,"href":"https:\/\/www.foment.com\/es\/wp-json\/wp\/v2\/users\/10"}],"replies":[{"embeddable":true,"href":"https:\/\/www.foment.com\/es\/wp-json\/wp\/v2\/comments?post=95554"}],"version-history":[{"count":5,"href":"https:\/\/www.foment.com\/es\/wp-json\/wp\/v2\/posts\/95554\/revisions"}],"predecessor-version":[{"id":95573,"href":"https:\/\/www.foment.com\/es\/wp-json\/wp\/v2\/posts\/95554\/revisions\/95573"}],"wp:featuredmedia":[{"embeddable":true,"href":"https:\/\/www.foment.com\/es\/wp-json\/wp\/v2\/media\/95562"}],"wp:attachment":[{"href":"https:\/\/www.foment.com\/es\/wp-json\/wp\/v2\/media?parent=95554"}],"wp:term":[{"taxonomy":"category","embeddable":true,"href":"https:\/\/www.foment.com\/es\/wp-json\/wp\/v2\/categories?post=95554"},{"taxonomy":"post_tag","embeddable":true,"href":"https:\/\/www.foment.com\/es\/wp-json\/wp\/v2\/tags?post=95554"}],"curies":[{"name":"wp","href":"https:\/\/api.w.org\/{rel}","templated":true}]}}