{"id":95681,"date":"2020-07-15T13:16:13","date_gmt":"2020-07-15T11:16:13","guid":{"rendered":"https:\/\/www.foment.com\/competitivitat-i-resiliencia-claus-per-futur-index-fegp-2020\/"},"modified":"2020-07-15T14:19:42","modified_gmt":"2020-07-15T12:19:42","slug":"competitivitdad-y-resiliencia-claves-para-futuro-index-fegp-2020","status":"publish","type":"post","link":"https:\/\/www.foment.com\/es\/competitivitdad-y-resiliencia-claves-para-futuro-index-fegp-2020\/","title":{"rendered":"Competitivitat i resili\u00e8ncia, les claus per al futur assenyalades al darrer \u00cdndex FEGP de Competitivitat i Sostenibilitat Comarcal 2020"},"content":{"rendered":"<section class=\"wpb-content-wrapper\"><p>[vc_row][vc_column][vc_column_text]<\/p>\n<ul>\n<li><strong>La FEGP publica la 16a edici\u00f3 de l\u2019\u00cdndex FEGP de Competitivitat i Sostenibilitat amb l\u2019objectiu d\u2019apuntar les potencialitats i les febleses dels models de desenvolupament de les comarques catalanes en el nou context post-covid-19.<\/strong><\/li>\n<\/ul>\n<p>[\/vc_column_text]<div class=\"spacer\" style=\"height: 10px;\"><\/div>[\/vc_column][\/vc_row][vc_row][vc_column width=\u00bb1\/2&#8243;]<a href=\"https:\/\/www.foment.com\/wp-content\/uploads\/2020\/07\/Index-fegp2020-Informe-complet.pdf\" target=\"_blank\" class=\"button color-3 medium \" style=\"border-radius: 5px;\">\u00cdndex FEGP 2020 de competitivitat comarcal<\/a><div class=\"spacer\" style=\"height: 10px;\"><\/div>[\/vc_column][vc_column width=\u00bb1\/2&#8243;]<a href=\"https:\/\/www.foment.com\/wp-content\/uploads\/2020\/07\/Presentacio-Informe-FEGP.pdf\" target=\"_blank\" class=\"button color-3 medium \" style=\"border-radius: 5px;\">Presentaci\u00f3 \u00cdndex FEGP 2020 de competitivitat comarcal<\/a><div class=\"spacer\" style=\"height: 10px;\"><\/div>[\/vc_column][\/vc_row][vc_row][vc_column][vc_column_text]<strong>El fort creixement econ\u00f2mic que va experimentar l\u2019economia catalana durant el per\u00edode de recuperaci\u00f3 econ\u00f2mica (2013-2018) va comen\u00e7ar a mostrar signes d\u2019esgotament durant el 2019<\/strong>, amb augments del PIB i l\u2019ocupaci\u00f3 cada vegada m\u00e9s baixos i uns ritmes de reducci\u00f3 de l\u2019atur propers a zero. A aquest escenari s\u2019hi ha afegit el xoc que ha representat per a les economies comarcals les mesures de confinament posades en marxa arran de la crisi sanit\u00e0ria provocada per la covid-19.<\/p>\n<p>El nou context ha portat a introduir un nou apartat en la publicaci\u00f3 de l\u2019\u00edndex d\u2019enguany en el <strong>que s\u2019analitzen els impactes que est\u00e0 tenint la crisi de la covid-19 sobre les economies comarcals i sobre els sectors productius a Catalunya<\/strong>. L\u2019an\u00e0lisi combinada de l\u2019impacte de la covid-19 en aquests primers mesos i de<strong> l\u2019\u00edndex FEGP d\u00f3na les eines per a definir estrat\u00e8gies que facin front a la crisi<\/strong>, ja que, d\u2019una banda, es disposa de l\u2019abast del xoc i, de l\u2019altra, de les capacitats territorials per a redre\u00e7ar-lo.<\/p>\n<p>Els resultats mostren com <strong>un pes elevat sobre el conjunt de l\u2019estructura econ\u00f2mica de les activitats tur\u00edstiques i de lleure i de determinades ind\u00fastries manufactureres molt afectades per la interrupci\u00f3 de les cadenes globals de subministraments, juntament amb una elevada precarietat del mercat de treball \u2013temporalitat, parcialitat, externalitzaci\u00f3 via ETT, etc.- s\u00f3n els factors determinants per a una major afectaci\u00f3 de la crisi<\/strong> de la covid-19 sobre les economies comarcals. Aix\u00ed doncs, han estat les comarques on la qualitat de l\u2019ocupaci\u00f3 \u00e9s inferior i les m\u00e9s dependents d\u2019aquestes activitats les que han registrat una major afectaci\u00f3.<\/p>\n<p><strong>Efectes de la covid-19 sobre els treballadors assalariats per comarques, maig de 2020<\/strong>[\/vc_column_text]<div class=\"single_image wpb_content_element align-left    \" data-animation=\"none\" data-delay=\"0\"><img width=\"697\" height=\"796\" src=\"https:\/\/www.foment.com\/wp-content\/uploads\/2020\/07\/Gr\u00e0fic-FEGP.jpg\" class=\"attachment-full\" alt=\"\" loading=\"lazy\" title=\"Gr\u00e0fic FEGP\" \/><\/div>[vc_column_text]<em>Fonts: Observatori del Treball i Model Productiu (Expedients de Regulaci\u00f3 d\u2019Ocupaci\u00f3) i Tresoreria General de la Seguretat Social (Mitjana afiliats).<\/em><\/p>\n<p>Tanmateix, <strong>la capacitat de reaccionar, adaptar-se i renovar-se no nom\u00e9s dep\u00e8n de la base econ\u00f2mica regional, sin\u00f3 tamb\u00e9 de mecanismes institucionals<\/strong> que afavoreixin l\u2019\u00e8xit de les mesures proposades. A m\u00e9s, <strong>en l\u2019era post-covid,<\/strong> <strong>pren especial import\u00e0ncia el suport sostingut a l\u2019R+D+i<\/strong> per tal de promoure encara m\u00e9s els processos de diversificaci\u00f3 i l\u2019emprenedoria en activitats de valor afegit que condueixin a processos de renovaci\u00f3 i reorientaci\u00f3 cap a nous \u00e0mbits.<\/p>\n<p>El r\u00e0nquing d\u2019enguany ofereix un revisi\u00f3 de la realitat especialment benvinguda; en tant que <strong>la competitivitat (i la resili\u00e8ncia) seran claus en el proc\u00e9s de recuperac<\/strong>i\u00f3 de la crisi econ\u00f2mica causada per la covid-19, <strong>esdevenint un complement necessari l\u2019una de l\u2019altra. <\/strong><\/p>\n<p>La <strong>reducci\u00f3 de la demanda interna<\/strong> produ\u00efda per la caiguda de les rendes i la frenada de l\u2019activitat econ\u00f2mica fan que <strong>la recuperaci\u00f3 del creixement vagi de la m\u00e0 de la demanda externa<\/strong>. Per aquest motiu<strong>, \u00e9s previsible que siguin les comarques amb una estructura econ\u00f2mica m\u00e9s orientada cap als mercats exteriors i els b\u00e9ns intensius en coneixement i tecnologia les que experimentin una recuperaci\u00f3 m\u00e9s r\u00e0pida<\/strong>.<\/p>\n<p>Tanmateix, comarques com l\u2019Aran, el Pallars Juss\u00e0, el Priorat o l\u2019Alt Empord\u00e0, que queden lluny de les primeres posicions del r\u00e0nquing de competitivitat comarcal, compten amb importants avantatges competitius com s\u00f3n la qualificaci\u00f3 dels recursos humans o l\u2019esperit emprenedor. <strong>Aquests elements posen de manifest l\u2019exist\u00e8ncia de fortaleses i possibilitats de desenvolupar estrat\u00e8gies pr\u00f2pies des dels territoris<\/strong>. En aquest sentit, <strong>la covid-19 no nom\u00e9s ha generat un xoc econ\u00f2mic, tamb\u00e9 ha evidenciat com les externalitats negatives dels espais urbans poden ser una oportunitat per a reequilibrar les relacions entre el m\u00f3n rural i urb\u00e0<\/strong> a partir de l\u2019extensi\u00f3 de fen\u00f2mens com el treball a dist\u00e0ncia, que fa menys dependent el talent dels mercats laborals locals. En conseq\u00fc\u00e8ncia, el desplegament de les infraestructures de telecomunicacions esdevindran un factor amb una rellev\u00e0ncia creixent.<\/p>\n<p>Tots aquests indicadors queden recollits per l\u2019\u00cdndex FEGP de Competitivitat i Sostenibilitat comarcal, mostrant la seva capacitat de sintetitzar un seguit de factors, dimensions i indicadors de manera acurada, en una an\u00e0lisi que, d\u2019una altra manera, resultaria d\u2019una gran complexitat.<\/p>\n<p>La Federaci\u00f3 Empresarial del Gran Pened\u00e8s (FEGP) \u00e9s una organitzaci\u00f3 de base associativa que representa el conjunt de l&#8217;empresariat del seu \u00e0mbit intercomarcal, que t\u00e9 com a objectiu fonamental el foment de l&#8217;activitat econ\u00f2mica i el desenvolupament del teixit empresarial de l&#8217;entorn. L&#8217;\u00e0mbit d&#8217;actuaci\u00f3 coincideix amb el de les comarques de l&#8217;hist\u00f2ric Gran Pened\u00e8s, a cavall de les prov\u00edncies de Barcelona i Tarragona.[\/vc_column_text][vc_column_text]<span style=\"color: #c1002b;\"><strong>El Barcelon\u00e8s refor\u00e7a els seus avantatges competitius, perden protagonisme la resta de comarques que conformaven el nucli m\u00e9s competitiu i tamb\u00e9 la resta de comarques catalanes <\/strong><\/span><\/p>\n<ul>\n<li><strong>Les comarques que m\u00e9s competitivitat han perdut s\u00f3n les de la cua de la classificaci\u00f3: Pallars Sobir\u00e0 i l\u2019Alta Ribagor\u00e7a amb m\u00e9s de 5 punts en l\u2019\u00cdndex.<\/strong><\/li>\n<li><strong>De nou, les comarques m\u00e9s competitives son, per ordre: el Barcelon\u00e8s, el Vall\u00e8s Occidental, el Giron\u00e8s i el Baix Llobregat.<\/strong><\/li>\n<li><strong>Osona torna a situar-se en el top10 de comarques m\u00e9s competitives i el Bages cau al 12\u00e8 lloc del r\u00e0nquing.<\/strong><\/li>\n<\/ul>\n<p>Davant del retroc\u00e9s generalitzat, <strong>entre les comarques m\u00e9s competitives de Catalunya nom\u00e9s el Barcelon\u00e8s ha aconseguit millorar la seva competitivitat <\/strong>amb un increment de 0,3 punts de l\u2019\u00cdndex, refor\u00e7ant la seva competitivitat mentre la resta n\u2019han perdut. Despr\u00e9s d\u2019un per\u00edode d\u2019estancament demogr\u00e0fic, el creixement poblacional ha estat un dels pilars de la millora competitiva del Barcelon\u00e8s, on l\u2019augment de la poblaci\u00f3 ha estat superior al de la resta de comarques metropolitanes. Despr\u00e9s de dues d\u00e8cades de proc\u00e9s de metropolitanitzaci\u00f3 i d\u2019expulsi\u00f3 de poblaci\u00f3 i d\u2019activitats econ\u00f2miques dels espais centrals cap a espais de la primera i segona corona metropolitanes, <strong>les dades apunten cap a un cert canvi de tend\u00e8ncia, amb el retorn del creixement de la Barcelona capital. L\u2019especialitzaci\u00f3 d\u2019aquesta en activitats tecnol\u00f2giques i de serveis avan\u00e7ats afavoreix la localitzaci\u00f3 de noves inversions i activitats, aix\u00ed com l\u2019arribada de nova poblaci\u00f3 sovint amb perfils formatius i d\u2019ingressos elevats<\/strong>. Tanmateix, la crisi de la covid-19 i <strong>la sobtada expansi\u00f3 del teletreball pot reformular aquesta din\u00e0mica tot just iniciada, cap a una nova dispersi\u00f3 de la poblaci\u00f3 cap a territoris on les externalitats negatives produ\u00efdes per l\u2019aglomeraci\u00f3 siguin menors <\/strong>(tr\u00e0nsit, contaminaci\u00f3, baixa qualitat de l\u2019entorn i de l\u2019acc\u00e9s al verd, etc.).<\/p>\n<p>Tot i que les primeres posicions de la classificaci\u00f3 s\u2019han mantingut inalterades amb el Barcelon\u00e8s, el Vall\u00e8s Occidental, el Giron\u00e8s i Baix Llobregat a les quatre primeres posicions, <strong>el millor comportament del Baix Llobregat respecte al Giron\u00e8s ha fet que les dues comarques escurcessin les seves difer\u00e8ncies durant el 2019<\/strong>.<\/p>\n<p><strong>Entre les comarques en situacions interm\u00e8dies destaca l\u2019ascens de vuit posicions de la Segarra<\/strong> fins a la 20a posici\u00f3, que representa l\u2019escalada en la classificaci\u00f3 m\u00e9s important del 2019. Aquesta remuntada s\u2019ha donat gr\u00e0cies a una important millora de la qualificaci\u00f3 dels recursos humans i del dinamisme empresarial de la comarca.<\/p>\n<p>Com ja s\u2019ha dit anteriorment, <strong>a les darreres posicions de la classificaci\u00f3 \u00e9s on es concentren algunes de les majors p\u00e8rdues de competitivitat<\/strong>. El Pallars Sobir\u00e0 i l\u2019Alta Ribagor\u00e7a s\u00f3n les dues comarques situades a la part m\u00e9s baixa de la classificaci\u00f3, essent tamb\u00e9 les que han experimentat les majors p\u00e8rdues de competitivitat amb variacions de -6,0 i -5,1 punts respectivament. En aquest grup de comarques menys competitives <strong>cal destacar l\u2019aven\u00e7 important de les Garrigues que ha registrat el major creixement en l\u2019\u00edndex del conjunt de comarques<\/strong> gr\u00e0cies a un major dinamisme empresarial, un major seguiment dels estudis postobligatoris dels joves i el retorn al creixement demogr\u00e0fic.<\/p>\n<p>En aquest darrer grup tamb\u00e9 es troba <strong>el Priorat, una comarca que, partint de la pen\u00faltima posici\u00f3, ha escalat 10 llocs al r\u00e0nquing fins a situar-se a la 30a posici\u00f3 de la classificaci\u00f3.<\/strong> El recorregut seguit pel Priorat <strong>posa de manifest com una aposta decidida per un model de desenvolupament pot generar important millores de la competitivitat territorial<\/strong>. L\u2019aposta per la formaci\u00f3 i l\u2019emprenedoria han estat centrals en el creixement competitiu de la comarca.[\/vc_column_text]<div class=\"flexslider wpb_content_element\"><ul class=\"slides\"><li><img src=\"https:\/\/www.foment.com\/wp-content\/uploads\/2020\/07\/DSC_0804.jpg\" alt=\"\" \/><\/li><li><img src=\"https:\/\/www.foment.com\/wp-content\/uploads\/2020\/07\/DSC_0751.jpg\" alt=\"\" \/><\/li><li><img src=\"https:\/\/www.foment.com\/wp-content\/uploads\/2020\/07\/DSC_0738.jpg\" alt=\"\" \/><\/li><li><img src=\"https:\/\/www.foment.com\/wp-content\/uploads\/2020\/07\/DSC_0763.jpg\" alt=\"\" \/><\/li><li><img src=\"https:\/\/www.foment.com\/wp-content\/uploads\/2020\/07\/DSC_0771.jpg\" alt=\"\" \/><\/li><li><img src=\"https:\/\/www.foment.com\/wp-content\/uploads\/2020\/07\/DSC_0788.jpg\" alt=\"\" \/><\/li><li><img src=\"https:\/\/www.foment.com\/wp-content\/uploads\/2020\/07\/DSC_0812.jpg\" alt=\"\" \/><\/li><li><img src=\"https:\/\/www.foment.com\/wp-content\/uploads\/2020\/07\/DSC_0798.jpg\" alt=\"\" \/><\/li><li><img src=\"https:\/\/www.foment.com\/wp-content\/uploads\/2020\/07\/DSC_0785-1.jpg\" alt=\"\" \/><\/li><\/ul><\/div>[\/vc_column][\/vc_row]<\/p>\n<\/section>","protected":false},"excerpt":{"rendered":"<p>[vc_row][vc_column][vc_column_text] La FEGP publica la 16a edici\u00f3 de l\u2019\u00cdndex FEGP de Competitivitat i Sostenibilitat amb l\u2019objectiu d\u2019apuntar les potencialitats i les febleses dels models de desenvolupament de les comarques catalanes en el nou context post-covid-19. [\/vc_column_text][\/vc_column][\/vc_row][vc_row][vc_column width=\u00bb1\/2&#8243;][\/vc_column][vc_column width=\u00bb1\/2&#8243;][\/vc_column][\/vc_row][vc_row][vc_column][vc_column_text]El fort creixement econ\u00f2mic que va experimentar l\u2019economia catalana durant el per\u00edode de recuperaci\u00f3 econ\u00f2mica (2013-2018) va comen\u00e7ar a mostrar signes d\u2019esgotament durant el 2019, amb augments del PIB i l\u2019ocupaci\u00f3 cada vegada m\u00e9s baixos i uns ritmes de reducci\u00f3 de l\u2019atur propers a zero. A aquest escenari s\u2019hi ha afegit el xoc que ha representat per a les economies comarcals les mesures de confinament posades en marxa arran de la crisi sanit\u00e0ria provocada per la covid-19. El nou context ha portat a introduir un nou apartat en la publicaci\u00f3 de l\u2019\u00edndex d\u2019enguany en el que s\u2019analitzen els impactes que est\u00e0 tenint la crisi de la covid-19 sobre les economies comarcals i sobre els sectors productius a Catalunya. L\u2019an\u00e0lisi combinada de l\u2019impacte de la covid-19 en aquests primers mesos i de l\u2019\u00edndex FEGP d\u00f3na les eines per a definir estrat\u00e8gies que facin front a la crisi, ja que, d\u2019una banda, es disposa de l\u2019abast del xoc i, de l\u2019altra, de les capacitats territorials [&hellip;]<\/p>\n","protected":false},"author":10,"featured_media":95673,"comment_status":"closed","ping_status":"closed","sticky":false,"template":"","format":"standard","meta":{"_links_to":"","_links_to_target":""},"categories":[114,68],"tags":[3691,1460,2321],"acf":[],"wps_subtitle":"L\u2019actual context de crisi obliga a posar el focus sobre la capacitat dels territoris per reaccionar als canvis i als xocs, unes capacitats lligades a l\u2019aposta per un ecosistema que afavoreixi la innovaci\u00f3 com a mecanisme d\u2019adaptaci\u00f3","_links":{"self":[{"href":"https:\/\/www.foment.com\/es\/wp-json\/wp\/v2\/posts\/95681"}],"collection":[{"href":"https:\/\/www.foment.com\/es\/wp-json\/wp\/v2\/posts"}],"about":[{"href":"https:\/\/www.foment.com\/es\/wp-json\/wp\/v2\/types\/post"}],"author":[{"embeddable":true,"href":"https:\/\/www.foment.com\/es\/wp-json\/wp\/v2\/users\/10"}],"replies":[{"embeddable":true,"href":"https:\/\/www.foment.com\/es\/wp-json\/wp\/v2\/comments?post=95681"}],"version-history":[{"count":6,"href":"https:\/\/www.foment.com\/es\/wp-json\/wp\/v2\/posts\/95681\/revisions"}],"predecessor-version":[{"id":95691,"href":"https:\/\/www.foment.com\/es\/wp-json\/wp\/v2\/posts\/95681\/revisions\/95691"}],"wp:featuredmedia":[{"embeddable":true,"href":"https:\/\/www.foment.com\/es\/wp-json\/wp\/v2\/media\/95673"}],"wp:attachment":[{"href":"https:\/\/www.foment.com\/es\/wp-json\/wp\/v2\/media?parent=95681"}],"wp:term":[{"taxonomy":"category","embeddable":true,"href":"https:\/\/www.foment.com\/es\/wp-json\/wp\/v2\/categories?post=95681"},{"taxonomy":"post_tag","embeddable":true,"href":"https:\/\/www.foment.com\/es\/wp-json\/wp\/v2\/tags?post=95681"}],"curies":[{"name":"wp","href":"https:\/\/api.w.org\/{rel}","templated":true}]}}