{"id":95834,"date":"2020-07-17T16:13:44","date_gmt":"2020-07-17T14:13:44","guid":{"rendered":"https:\/\/www.foment.com\/foment-demana-generalitat-reforci-mesures-deteccio-covid-19\/"},"modified":"2020-07-20T16:30:10","modified_gmt":"2020-07-20T14:30:10","slug":"foment-pide-generalitat-refuerce-medidas-deteccion-covid-19","status":"publish","type":"post","link":"https:\/\/www.foment.com\/es\/foment-pide-generalitat-refuerce-medidas-deteccion-covid-19\/","title":{"rendered":"Foment pide a la Generalitat que refuerce las medidas de detecci\u00f3n y de seguimiento de los casos de Covid-19 y apela a la responsabilidad de la ciudadan\u00eda"},"content":{"rendered":"<ul>\n<li><strong>Es imprescindible respetar las disposiciones sobre el uso de la mascarilla, la higiene de las manos y la distancia de seguridad.<\/strong><\/li>\n<li><strong>Los contagios mayoritariamente son en \u00e1mbitos de celebraciones familiares y con amigos y no en el laboral. Las medidas de prevenci\u00f3n de riesgos laborales han hecho que los centros de trabajo sean seguros.<\/strong><\/li>\n<\/ul>\n<p>Ante las medidas anunciadas hoy por el gobierno de la Generalitat de Catalu\u00f1a, Foment del Treball remarca que las medidas que se lleven a cabo tienen que ser proporcionales para atacar directamente la problem\u00e1tica del crecimiento de los casos afectados por el Covid-19.<\/p>\n<p>En este sentido, se considera fundamental que la Generalitat refuerce las medidas de detecci\u00f3n y el seguimiento de los casos de la enfermedad para evitar su crecimiento progresivo y que la afectaci\u00f3n sanitaria y econ\u00f3mica sea m\u00e1s relevante.<\/p>\n<p>A la vez Foment apela a la responsabilidad de las personas para que respeten las recomendaciones sanitarias especialmente de medidas tan b\u00e1sicas como el uso de la mascarilla, la higiene escrupulosa en la limpieza de las manos -con jab\u00f3n o soluciones hidroalcoh\u00f2liques- y el mantenimiento riguroso de la distancia de seguridad.<\/p>\n<p>Actualmente, se dispone de las herramientas de prevenci\u00f3n -mascarillas, epis y hielo hidroalcoh\u00f2lic que facilitan que podamos adoptar medidas de contenci\u00f3n que permiten que la lucha sea m\u00e1s eficaz\u00a0 y que las restricciones sean menos nocivas para la econom\u00eda y para las relaciones sociales.<\/p>\n<p>Estas medidas de las Administraciones y de la ciudadan\u00eda se tendr\u00e1n que mantener durante un tiempo, ya que la lucha contra la pandemia no ha acabado y persistir\u00e1 mientras no haya una medicaci\u00f3n especifica y una vacuna. Por este motivo, Foment considera que las administraciones tendr\u00edan que ser firmes y aplicar medidas correctivas ante los casos puntuales que no respeten las disposiciones preventivas m\u00e1s b\u00e1sicas e imprescindibles.<\/p>\n<p>Mayoritariamente, los contagios producidos han sido en el \u00e1mbito de las relaciones familiares y de amistad que en algunos casos han relajado las indicaciones sanitarias. Este hecho demuestra que las medidas de prevenci\u00f3n de riesgos laborales que se han tomado en las empresas\u00a0 garantizan poder disponer de una seguridad sanitaria considerable, que hacen que los centros de trabajo sean seguros.<\/p>\n","protected":false},"excerpt":{"rendered":"<p>Es imprescindible respetar las disposiciones sobre el uso de la mascarilla, la higiene de las manos y la distancia de seguridad. Los contagios mayoritariamente son en \u00e1mbitos de celebraciones familiares y con amigos y no en el laboral. Las medidas de prevenci\u00f3n de riesgos laborales han hecho que los centros de trabajo sean seguros. Ante las medidas anunciadas hoy por el gobierno de la Generalitat de Catalu\u00f1a, Foment del Treball remarca que las medidas que se lleven a cabo tienen que ser proporcionales para atacar directamente la problem\u00e1tica del crecimiento de los casos afectados por el Covid-19. En este sentido, se considera fundamental que la Generalitat refuerce las medidas de detecci\u00f3n y el seguimiento de los casos de la enfermedad para evitar su crecimiento progresivo y que la afectaci\u00f3n sanitaria y econ\u00f3mica sea m\u00e1s relevante. A la vez Foment apela a la responsabilidad de las personas para que respeten las recomendaciones sanitarias especialmente de medidas tan b\u00e1sicas como el uso de la mascarilla, la higiene escrupulosa en la limpieza de las manos -con jab\u00f3n o soluciones hidroalcoh\u00f2liques- y el mantenimiento riguroso de la distancia de seguridad. Actualmente, se dispone de las herramientas de prevenci\u00f3n -mascarillas, epis y hielo hidroalcoh\u00f2lic que [&hellip;]<\/p>\n","protected":false},"author":10,"featured_media":95832,"comment_status":"closed","ping_status":"closed","sticky":false,"template":"","format":"standard","meta":{"_links_to":"","_links_to_target":""},"categories":[2735,114],"tags":[2964,1024,3708,3709],"acf":[],"wps_subtitle":" Hacen falta medidas proporcionales para evitar el crecimiento progresivo de la enfermedad","_links":{"self":[{"href":"https:\/\/www.foment.com\/es\/wp-json\/wp\/v2\/posts\/95834"}],"collection":[{"href":"https:\/\/www.foment.com\/es\/wp-json\/wp\/v2\/posts"}],"about":[{"href":"https:\/\/www.foment.com\/es\/wp-json\/wp\/v2\/types\/post"}],"author":[{"embeddable":true,"href":"https:\/\/www.foment.com\/es\/wp-json\/wp\/v2\/users\/10"}],"replies":[{"embeddable":true,"href":"https:\/\/www.foment.com\/es\/wp-json\/wp\/v2\/comments?post=95834"}],"version-history":[{"count":3,"href":"https:\/\/www.foment.com\/es\/wp-json\/wp\/v2\/posts\/95834\/revisions"}],"predecessor-version":[{"id":95929,"href":"https:\/\/www.foment.com\/es\/wp-json\/wp\/v2\/posts\/95834\/revisions\/95929"}],"wp:featuredmedia":[{"embeddable":true,"href":"https:\/\/www.foment.com\/es\/wp-json\/wp\/v2\/media\/95832"}],"wp:attachment":[{"href":"https:\/\/www.foment.com\/es\/wp-json\/wp\/v2\/media?parent=95834"}],"wp:term":[{"taxonomy":"category","embeddable":true,"href":"https:\/\/www.foment.com\/es\/wp-json\/wp\/v2\/categories?post=95834"},{"taxonomy":"post_tag","embeddable":true,"href":"https:\/\/www.foment.com\/es\/wp-json\/wp\/v2\/tags?post=95834"}],"curies":[{"name":"wp","href":"https:\/\/api.w.org\/{rel}","templated":true}]}}