{"id":95952,"date":"2020-07-20T19:15:15","date_gmt":"2020-07-20T17:15:15","guid":{"rendered":"https:\/\/www.foment.com\/sanchez-llibre-insistit-evitar-confinament-total-pais\/"},"modified":"2020-07-20T19:56:21","modified_gmt":"2020-07-20T17:56:21","slug":"sanchez-llibre-insistido-evitar-confinamiento-total-pais","status":"publish","type":"post","link":"https:\/\/www.foment.com\/es\/sanchez-llibre-insistido-evitar-confinamiento-total-pais\/","title":{"rendered":"S\u00e1nchez Llibre ha insistido en evitar el confinamiento total del pa\u00eds"},"content":{"rendered":"<section class=\"wpb-content-wrapper\"><p>[vc_row][vc_column][vc_column_text]<\/p>\n<ul>\n<li><strong>La Generalitat acuerda con sindicatos y patronales un plan para impulsar un nuevo modelo econ\u00f3mico m\u00e1s justo, sostenible, innovador y competitivo.<\/strong><\/li>\n<\/ul>\n<p>Foment del Treball firma el <a href=\"https:\/\/www.foment.com\/wp-content\/uploads\/2020\/07\/ABREPS-18-07-2020.pdf\"><strong>Acuerdo Nacional de Bases para la Reactivaci\u00f3n Econ\u00f3mica con Protecci\u00f3n Social<\/strong><\/a>. El acuerdo ha sido negociado con UGT, CCOO, PIMEC y el Gobierno de la Generalitat de Catalu\u00f1a durante la semana pasada.<\/p>\n<p>El presidente de Foment del Treball, Josep S\u00e1nchez Llibre, ha apelado al car\u00e1cter pactista de Catalu\u00f1a, \u00abahora tan necesario para recuperar y crear puestos de trabajo\u00bb.<\/p>\n<p>S\u00e1nchez Llibre ha insistido en que la econom\u00eda no se puede permitir un segundo confinamiento -ya muy afectada por la parada de la actividad en los meses de marzo, abril y mayo-, y ha apuntado a la reindustrializaci\u00f3n de Catalu\u00f1a como factor principal de la recuperaci\u00f3n.[\/vc_column_text]<div class=\"flexslider wpb_content_element\"><ul class=\"slides\"><li><img src=\"https:\/\/www.foment.com\/wp-content\/uploads\/2020\/07\/S\u00e1nchez-Llibre-intervenci\u00f3.jpg\" alt=\"\" \/><\/li><li><img src=\"https:\/\/www.foment.com\/wp-content\/uploads\/2020\/07\/20200720_general_signatura_acord_reactivacio_Gene_jpg.jpg\" alt=\"\" \/><\/li><li><img src=\"https:\/\/www.foment.com\/wp-content\/uploads\/2020\/07\/S\u00e1nchez-Llibre-signatura.jpg\" alt=\"\" \/><\/li><\/ul><\/div><div class=\"video-embed  wpb_content_element\"><iframe title=\"\ud83d\udd34 Signatura acord Nacional de Bases per a la Reactivaci\u00f3 Econ\u00f2mica amb Protecci\u00f3 Social (20.07.20)\" width=\"1161\" height=\"653\" src=\"https:\/\/www.youtube.com\/embed\/sHizZVphZ40?feature=oembed\" frameborder=\"0\" allow=\"accelerometer; autoplay; clipboard-write; encrypted-media; gyroscope; picture-in-picture; web-share\" referrerpolicy=\"strict-origin-when-cross-origin\" allowfullscreen><\/iframe><\/div><div class=\"spacer\" style=\"height: 10px;\"><\/div>[\/vc_column][\/vc_row][vc_row][vc_column width=\u00bb1\/4&#8243;][\/vc_column][vc_column width=\u00bb1\/2&#8243;][\/vc_column][vc_column width=\u00bb1\/4&#8243;][\/vc_column][\/vc_row]<\/p>\n<\/section>","protected":false},"excerpt":{"rendered":"<p>[vc_row][vc_column][vc_column_text] La Generalitat acuerda con sindicatos y patronales un plan para impulsar un nuevo modelo econ\u00f3mico m\u00e1s justo, sostenible, innovador y competitivo. Foment del Treball firma el Acuerdo Nacional de Bases para la Reactivaci\u00f3n Econ\u00f3mica con Protecci\u00f3n Social. El acuerdo ha sido negociado con UGT, CCOO, PIMEC y el Gobierno de la Generalitat de Catalu\u00f1a durante la semana pasada. El presidente de Foment del Treball, Josep S\u00e1nchez Llibre, ha apelado al car\u00e1cter pactista de Catalu\u00f1a, \u00abahora tan necesario para recuperar y crear puestos de trabajo\u00bb. S\u00e1nchez Llibre ha insistido en que la econom\u00eda no se puede permitir un segundo confinamiento -ya muy afectada por la parada de la actividad en los meses de marzo, abril y mayo-, y ha apuntado a la reindustrializaci\u00f3n de Catalu\u00f1a como factor principal de la recuperaci\u00f3n.[\/vc_column_text][\/vc_column][\/vc_row][vc_row][vc_column width=\u00bb1\/4&#8243;][\/vc_column][vc_column width=\u00bb1\/2&#8243;][\/vc_column][vc_column width=\u00bb1\/4&#8243;][\/vc_column][\/vc_row]<\/p>\n","protected":false},"author":10,"featured_media":95950,"comment_status":"closed","ping_status":"closed","sticky":false,"template":"","format":"standard","meta":{"_links_to":"","_links_to_target":""},"categories":[2735,114],"tags":[3714,2115,2865,2589,2964,1351,3403,3684,2118],"acf":[],"wps_subtitle":"En la firma del Acuerdo Nacional de Bases para la Reactivaci\u00f3n Econ\u00f3mica con Protecci\u00f3n Social","_links":{"self":[{"href":"https:\/\/www.foment.com\/es\/wp-json\/wp\/v2\/posts\/95952"}],"collection":[{"href":"https:\/\/www.foment.com\/es\/wp-json\/wp\/v2\/posts"}],"about":[{"href":"https:\/\/www.foment.com\/es\/wp-json\/wp\/v2\/types\/post"}],"author":[{"embeddable":true,"href":"https:\/\/www.foment.com\/es\/wp-json\/wp\/v2\/users\/10"}],"replies":[{"embeddable":true,"href":"https:\/\/www.foment.com\/es\/wp-json\/wp\/v2\/comments?post=95952"}],"version-history":[{"count":3,"href":"https:\/\/www.foment.com\/es\/wp-json\/wp\/v2\/posts\/95952\/revisions"}],"predecessor-version":[{"id":95958,"href":"https:\/\/www.foment.com\/es\/wp-json\/wp\/v2\/posts\/95952\/revisions\/95958"}],"wp:featuredmedia":[{"embeddable":true,"href":"https:\/\/www.foment.com\/es\/wp-json\/wp\/v2\/media\/95950"}],"wp:attachment":[{"href":"https:\/\/www.foment.com\/es\/wp-json\/wp\/v2\/media?parent=95952"}],"wp:term":[{"taxonomy":"category","embeddable":true,"href":"https:\/\/www.foment.com\/es\/wp-json\/wp\/v2\/categories?post=95952"},{"taxonomy":"post_tag","embeddable":true,"href":"https:\/\/www.foment.com\/es\/wp-json\/wp\/v2\/tags?post=95952"}],"curies":[{"name":"wp","href":"https:\/\/api.w.org\/{rel}","templated":true}]}}