{"id":96302,"date":"2020-07-29T13:06:43","date_gmt":"2020-07-29T11:06:43","guid":{"rendered":"https:\/\/www.foment.com\/sectors-economics-afectats-covid-19-reclamen-mesures-urgents-contundents-evitar-situacio-catastrofica\/"},"modified":"2020-07-29T13:54:50","modified_gmt":"2020-07-29T11:54:50","slug":"sectores-economicos-afectatados-covid-19-reclaman-medidas-urgentes-contundentes-evitar-situacion-catastrofica","status":"publish","type":"post","link":"https:\/\/www.foment.com\/es\/sectores-economicos-afectatados-covid-19-reclaman-medidas-urgentes-contundentes-evitar-situacion-catastrofica\/","title":{"rendered":"Los sectores econ\u00f3micos m\u00e1s afectados por la crisis de la Covid-19 reclaman medidas urgentes y contundentes para evitar una situaci\u00f3n catastr\u00f3fica"},"content":{"rendered":"<ul>\n<li><strong>Los sectores econ\u00f3micos m\u00e1s afectados -turismo, hosteler\u00eda, restauraci\u00f3n, agencias de viaje, comercio, transporte, automoci\u00f3n, cultura y actividades deportivas- denuncian la pasividad de las administraciones a la hora de tomar decisiones ante la grave crisis econ\u00f3mica y motivan a que Foment del Treball haga un llamamiento urgente y p\u00fablico a tomar medidas. Medidas que tienen como objetivo prioritario salvar puestos de trabajo. Si alguien interpreta que esto es hacer presi\u00f3n interesada, no ha entendido el funcionamiento de una sociedad democr\u00e1tica.<\/strong><\/li>\n<li><strong>La salud de las personas es prioritaria del mismo modo que lo es la necesidad de prever una cat\u00e1strofe econ\u00f3mica sin precedentes.<\/strong><\/li>\n<\/ul>\n<p>Foment del Treball se a\u00f1ade a la denuncia de la Confederaci\u00f3n Empresarial de Hosteler\u00eda y Restauraci\u00f3n de Catalu\u00f1a (Confecat), y a la de los sectores de las agencias de viaje, del comercio, transporte, automoci\u00f3n, cultura y actividades deportivas, que hasta el momento todas las medidas han sido focalizadas \u00fanicamente a resolver la financiaci\u00f3n de la deuda de las empresas. En este sentido, <strong>Foment y los sectores reclaman un Plan de Rescate con ayudas directas, en el cual las medidas que se tomen tengan una dimensi\u00f3n, en cuanto a recursos, muy superior a la que ha habido hasta ahora y que incluyan a profesionales aut\u00f3nomos y microempresas<\/strong>.<\/p>\n<p>Espa\u00f1a est\u00e1 en la cola de los pa\u00edses de la Uni\u00f3n Europea en ayudas a los sectores afectados por la crisis del Covid-19. En Alemania, se han dado 286 mil millones de euros; en Francia, 110 mil millones; en Italia, 80 mil millones y en Espa\u00f1a, 44 mil millones. En el sector tur\u00edstico, por ejemplo, se pide, como recomienda la UE, que de los fondos previstos para el Estado Espa\u00f1ol se destine un volumen de entre el 20% y el 25%.<\/p>\n<p><strong>Foment subraya que es imprescindible la continuidad de los ERTE por fuerza mayor con condiciones favorables -las originales del mes de marzo- para las empresas que tienen que mantener parada su actividad hasta que, como m\u00ednimo, se constate una situaci\u00f3n de estabilidad palpable<\/strong> que permita el desarrollo normal de su actividad. Este requerimiento es indispensable si se pretende ayudar a la supervivencia de las empresas en la situaci\u00f3n actual.<\/p>\n<p>Por otro lado, Foment solicita la aplicaci\u00f3n de un <strong>mejor trato impositivo por parte de las administraciones<\/strong>, con la exenci\u00f3n o reducci\u00f3n de los impuestos que sean de su competencia. Hasta ahora ninguna Administraci\u00f3n P\u00fablica ha ajustado su pol\u00edtica impositiva, a pesar de que la actividad de los sectores afectados sea pr\u00e1cticamente nula, dej\u00e1ndolos desamparados ante la bajada de ingresos.<\/p>\n<p>En momentos de incertidumbre, <strong>los gobiernos tienen que transmitir confianza y credibilidad en sus decisiones, que tienen que tener una proporcionalidad cuidadosa y ser previsibles. No tienen que tomar decisiones repentinas que generen confusi\u00f3n y alarma<\/strong>.<\/p>\n<p>Es prioritario que las ayudas europeas vayan dirigidas, por un lado, a incentivar la recuperaci\u00f3n econ\u00f3mica para salir de la crisis de la pandemia de la Covid-19, a la vez que a incorporar ayudas para\u00a0las empresas que sufren de forma significativa las restricciones de la nueva normalidad por razones de salud publica y que comporten, en muchos casos, que se vean abocadas a reducir dr\u00e1sticamente su actividad.<\/p>\n<p><strong>Foment del Treball pide al gobierno de Espa\u00f1a, a los partidos pol\u00edticos y a los grupos parlamentarios que dediquen su esfuerzo a hacer unos presupuestos del Estado del a\u00f1o 2021 que sean las verdaderas cuentas p\u00fablicas de la recuperaci\u00f3n econ\u00f3mica<\/strong> con criterios de pragmatismo debido a la grav\u00edsima situaci\u00f3n en la cual nos encontramos y que dejen de lado discursos ideol\u00f3gicos que, en este momento, dificultan el consenso imprescindible para generar confianza al pa\u00eds.<\/p>\n<p>Finalmente, <strong>Foment pide llevar a cabo una comunicaci\u00f3n m\u00e1s cuidadosa, contin\u00faa, constructiva y pedag\u00f3gica, que evite alarmar la opini\u00f3n p\u00fablica, local, nacional e internacional<\/strong>. La patronal alerta que se han difundido mensajes poco claros e indeterminados que generan confusi\u00f3n en los mercados internacionales que han incrementado miedos y la desconfianza y que comportan que muchas empresas hayan reducido sus operaciones en nuestro pa\u00eds.<\/p>\n","protected":false},"excerpt":{"rendered":"<p>Los sectores econ\u00f3micos m\u00e1s afectados -turismo, hosteler\u00eda, restauraci\u00f3n, agencias de viaje, comercio, transporte, automoci\u00f3n, cultura y actividades deportivas- denuncian la pasividad de las administraciones a la hora de tomar decisiones ante la grave crisis econ\u00f3mica y motivan a que Foment del Treball haga un llamamiento urgente y p\u00fablico a tomar medidas. Medidas que tienen como objetivo prioritario salvar puestos de trabajo. Si alguien interpreta que esto es hacer presi\u00f3n interesada, no ha entendido el funcionamiento de una sociedad democr\u00e1tica. La salud de las personas es prioritaria del mismo modo que lo es la necesidad de prever una cat\u00e1strofe econ\u00f3mica sin precedentes. Foment del Treball se a\u00f1ade a la denuncia de la Confederaci\u00f3n Empresarial de Hosteler\u00eda y Restauraci\u00f3n de Catalu\u00f1a (Confecat), y a la de los sectores de las agencias de viaje, del comercio, transporte, automoci\u00f3n, cultura y actividades deportivas, que hasta el momento todas las medidas han sido focalizadas \u00fanicamente a resolver la financiaci\u00f3n de la deuda de las empresas. En este sentido, Foment y los sectores reclaman un Plan de Rescate con ayudas directas, en el cual las medidas que se tomen tengan una dimensi\u00f3n, en cuanto a recursos, muy superior a la que ha habido hasta ahora y [&hellip;]<\/p>\n","protected":false},"author":10,"featured_media":96300,"comment_status":"closed","ping_status":"closed","sticky":false,"template":"","format":"standard","meta":{"_links_to":"","_links_to_target":""},"categories":[2735,114,1665],"tags":[2964,3736,2809,3102,3099,1298],"acf":[],"wps_subtitle":"Foment pide a las Administraciones p\u00fablicas que den certeza y confianza con sus decisiones y en la manera de comunicarlas","_links":{"self":[{"href":"https:\/\/www.foment.com\/es\/wp-json\/wp\/v2\/posts\/96302"}],"collection":[{"href":"https:\/\/www.foment.com\/es\/wp-json\/wp\/v2\/posts"}],"about":[{"href":"https:\/\/www.foment.com\/es\/wp-json\/wp\/v2\/types\/post"}],"author":[{"embeddable":true,"href":"https:\/\/www.foment.com\/es\/wp-json\/wp\/v2\/users\/10"}],"replies":[{"embeddable":true,"href":"https:\/\/www.foment.com\/es\/wp-json\/wp\/v2\/comments?post=96302"}],"version-history":[{"count":3,"href":"https:\/\/www.foment.com\/es\/wp-json\/wp\/v2\/posts\/96302\/revisions"}],"predecessor-version":[{"id":96309,"href":"https:\/\/www.foment.com\/es\/wp-json\/wp\/v2\/posts\/96302\/revisions\/96309"}],"wp:featuredmedia":[{"embeddable":true,"href":"https:\/\/www.foment.com\/es\/wp-json\/wp\/v2\/media\/96300"}],"wp:attachment":[{"href":"https:\/\/www.foment.com\/es\/wp-json\/wp\/v2\/media?parent=96302"}],"wp:term":[{"taxonomy":"category","embeddable":true,"href":"https:\/\/www.foment.com\/es\/wp-json\/wp\/v2\/categories?post=96302"},{"taxonomy":"post_tag","embeddable":true,"href":"https:\/\/www.foment.com\/es\/wp-json\/wp\/v2\/tags?post=96302"}],"curies":[{"name":"wp","href":"https:\/\/api.w.org\/{rel}","templated":true}]}}