{"id":96370,"date":"2020-07-31T17:41:41","date_gmt":"2020-07-31T15:41:41","guid":{"rendered":"https:\/\/www.foment.com\/caiguda-historica-pib-18\/"},"modified":"2020-07-31T17:47:27","modified_gmt":"2020-07-31T15:47:27","slug":"caida-historica-pib-18","status":"publish","type":"post","link":"https:\/\/www.foment.com\/es\/caida-historica-pib-18\/","title":{"rendered":"Ca\u00edda hist\u00f3rica del PIB del 18,5%"},"content":{"rendered":"<p>Seg\u00fan el avance de Contabilidad Nacional publicado el 31 de julio, el PIB de Espa\u00f1a se contrajo, un alta vagada, considerando los datos de actividad desde abril hasta junio.<\/p>\n<p>En t\u00e9rminos intertrimestrals, la tasa de variaci\u00f3n del PIB ha pasante del -5,2%, al primer trimestre hasta el -18,5% al segundo trimestre de 2020. En tasa interanual, la ca\u00edda fue del 22,1% ante la disminuci\u00f3n del 4,1% del trimestre anterior. Esto implica una contracci\u00f3n de la econom\u00eda de 18 puntos porcentuales.<\/p>\n<p>En relaci\u00f3n a la ocupaci\u00f3n, en t\u00e9rminos de horas trabajadas, se observ\u00f3 una reducci\u00f3n del 21,4% respecto al trimestre anterior, y en tasa interanual la contracci\u00f3n fue del 24,8% (20,6 puntos porcentuales de ca\u00edda).<\/p>\n<p>Desde la perspectiva de la demanda, la contribuci\u00f3n de la demanda nacional a la variaci\u00f3n del PB fue de -19,2 puntos y, por otro lado, la demanda externa contribuy\u00f3 con -2,9 puntos.<\/p>\n<p>Concretamente, se redujeron tanto las exportaciones de bienes (del -3,7 al -28,5%) como de servicios (del -11,2% al -60,2%), y dentro de estas, el gasto de no residentes en el territorio econ\u00f3mico baja 68,3 puntos (del -25,4% al -93,7%). Hay que destacar, adem\u00e1s, la fuerte ca\u00edda del consumo privado y de la inversi\u00f3n, -25,7% y -26,8%, respectivamente.<\/p>\n<p>Desde la perspectiva de la oferta, todos los sectores se contrajeron, registrando ca\u00eddas entre el 20% y 30% interanual.<\/p>\n","protected":false},"excerpt":{"rendered":"<p>Seg\u00fan el avance de Contabilidad Nacional publicado el 31 de julio, el PIB de Espa\u00f1a se contrajo, un alta vagada, considerando los datos de actividad desde abril hasta junio. En t\u00e9rminos intertrimestrals, la tasa de variaci\u00f3n del PIB ha pasante del -5,2%, al primer trimestre hasta el -18,5% al segundo trimestre de 2020. En tasa interanual, la ca\u00edda fue del 22,1% ante la disminuci\u00f3n del 4,1% del trimestre anterior. Esto implica una contracci\u00f3n de la econom\u00eda de 18 puntos porcentuales. En relaci\u00f3n a la ocupaci\u00f3n, en t\u00e9rminos de horas trabajadas, se observ\u00f3 una reducci\u00f3n del 21,4% respecto al trimestre anterior, y en tasa interanual la contracci\u00f3n fue del 24,8% (20,6 puntos porcentuales de ca\u00edda). Desde la perspectiva de la demanda, la contribuci\u00f3n de la demanda nacional a la variaci\u00f3n del PB fue de -19,2 puntos y, por otro lado, la demanda externa contribuy\u00f3 con -2,9 puntos. Concretamente, se redujeron tanto las exportaciones de bienes (del -3,7 al -28,5%) como de servicios (del -11,2% al -60,2%), y dentro de estas, el gasto de no residentes en el territorio econ\u00f3mico baja 68,3 puntos (del -25,4% al -93,7%). Hay que destacar, adem\u00e1s, la fuerte ca\u00edda del consumo privado y de la inversi\u00f3n, -25,7% [&hellip;]<\/p>\n","protected":false},"author":10,"featured_media":96373,"comment_status":"closed","ping_status":"closed","sticky":false,"template":"","format":"standard","meta":{"_links_to":"","_links_to_target":""},"categories":[2735,114,69],"tags":[2183,3748],"acf":[],"wps_subtitle":"Evoluci\u00f3n del PIB de Espa\u00f1a segundo trimestre de 2020","_links":{"self":[{"href":"https:\/\/www.foment.com\/es\/wp-json\/wp\/v2\/posts\/96370"}],"collection":[{"href":"https:\/\/www.foment.com\/es\/wp-json\/wp\/v2\/posts"}],"about":[{"href":"https:\/\/www.foment.com\/es\/wp-json\/wp\/v2\/types\/post"}],"author":[{"embeddable":true,"href":"https:\/\/www.foment.com\/es\/wp-json\/wp\/v2\/users\/10"}],"replies":[{"embeddable":true,"href":"https:\/\/www.foment.com\/es\/wp-json\/wp\/v2\/comments?post=96370"}],"version-history":[{"count":2,"href":"https:\/\/www.foment.com\/es\/wp-json\/wp\/v2\/posts\/96370\/revisions"}],"predecessor-version":[{"id":96377,"href":"https:\/\/www.foment.com\/es\/wp-json\/wp\/v2\/posts\/96370\/revisions\/96377"}],"wp:featuredmedia":[{"embeddable":true,"href":"https:\/\/www.foment.com\/es\/wp-json\/wp\/v2\/media\/96373"}],"wp:attachment":[{"href":"https:\/\/www.foment.com\/es\/wp-json\/wp\/v2\/media?parent=96370"}],"wp:term":[{"taxonomy":"category","embeddable":true,"href":"https:\/\/www.foment.com\/es\/wp-json\/wp\/v2\/categories?post=96370"},{"taxonomy":"post_tag","embeddable":true,"href":"https:\/\/www.foment.com\/es\/wp-json\/wp\/v2\/tags?post=96370"}],"curies":[{"name":"wp","href":"https:\/\/api.w.org\/{rel}","templated":true}]}}