{"id":97544,"date":"2020-09-16T13:32:54","date_gmt":"2020-09-16T11:32:54","guid":{"rendered":"https:\/\/www.foment.com\/part-fons-europeus-inverteixin-sanitat-industria-salut\/"},"modified":"2020-09-16T16:04:31","modified_gmt":"2020-09-16T14:04:31","slug":"sector-ciencias-salud-industrias-salud-apuesta-pais-acceso-fondo-reconstruccion-economia","status":"publish","type":"post","link":"https:\/\/www.foment.com\/es\/sector-ciencias-salud-industrias-salud-apuesta-pais-acceso-fondo-reconstruccion-economia\/","title":{"rendered":"Foment pide que el sector de las ciencias de la vida y las industrias de la salud sea una apuesta estrat\u00e9gica de pa\u00eds para el acceso a los fondos para la reconstrucci\u00f3n econ\u00f3mica"},"content":{"rendered":"<ul>\n<li><strong>Foment apuesta por el impulso de la econom\u00eda de la vida y las industrias de la salud como sector estrat\u00e9gico para reconstrucci\u00f3n econ\u00f3mica y social, y la reindustrializaci\u00f3n y reconversi\u00f3n de empresas para configurar un nuevo modelo de econom\u00eda productiva competitivo y de atracci\u00f3n y reconversi\u00f3n empresarial y local.<\/strong><\/li>\n<li><strong>La patronal insta a los gobiernos a clarificar los mecanismos de decisi\u00f3n y de acompa\u00f1amiento a las empresas para concretar proyectos de partenariado empresarial competitivos en el acceso a los fondos europeos.<\/strong><\/li>\n<\/ul>\n<p>Actualmente ya es el tercer sector m\u00e1s importante en Catalu\u00f1a en cuanto a peso econ\u00f3mico (8,4% VAB) y el segundo sector m\u00e1s importante en la generaci\u00f3n de ocupaci\u00f3n (10,1% de los ocupados). Absorbe m\u00e1s el 5,2% de la Inversi\u00f3n Extranjera Directa (IED) en Catalu\u00f1a, el 7,8% de la inversi\u00f3n catalana al extranjero y el 8,1% de la exportaci\u00f3n catalanas de bienes. Y, adem\u00e1s, es el segundo sector que m\u00e1s gastada destina a innovaci\u00f3n tecnol\u00f3gica.<\/p>\n<p>Foment remarca que el sector de la sanidad contribuye a la mejora de la salud y al bienestar de las personas -el principal activo de un pa\u00eds- y, por lo tanto, contribuye a la cohesi\u00f3n social. Tiene un potencial de demanda creciente y sostenible y a la vez pone de relieve la necesaria compatibilidad de la econom\u00eda productiva con la econom\u00eda social. Ahora somos conscientes m\u00e1s que nunca que sin erradicar la crisis sanitaria, dif\u00edcilmente podremos resolver con eficacia la crisis econ\u00f3mica.<\/p>\n<p>Adem\u00e1s este sector hace patente su capacidad para impulsar un proceso de reindustrializaci\u00f3n y de atracci\u00f3n y reconversi\u00f3n empresarial y local.<\/p>\n<p>Invertir en la econom\u00eda de la vida y en las industrias de la salud -muy arraigadas en el territorio- contribuir\u00e1 a mejorar la autonom\u00eda de la materia prima y tecnol\u00f3gica de equipaciones y materiales de protecci\u00f3n esenciales para la salud y el bienestar de las personas: sector biotecnol\u00f3gico, biom\u00e9dico y bioinform\u00e1tica, de la bioingenier\u00eda, sector farmac\u00e9utico, sector de equipaci\u00f3n y material sanitario, sector de la industria de los datos y la inteligencia artificial, el sector energ\u00e9tico, el sector del c\u00e1terin, etc.; y tendr\u00e1 capacidad de arrastre en sectores como el textil, el del metal, entre otros.<\/p>\n<p>As\u00ed mismo, apostar e invertir en este sector generar\u00e1 oportunidades de ocupaci\u00f3n altamente cualificada, con una incidencia especial en los\u00a0 j\u00f3venes, y muy equitativa en en cuanto a g\u00e9nero (ciencias de la vida cuento con la ratio m\u00e1s elevada de estudiantes y de mujeres trabajadoras); Por lo tanto, es una fuente de talento que repercutir\u00e1 en el nivel de vida del pa\u00eds.<\/p>\n<p>Nos permitir\u00e1 tambi\u00e9n situar nuestro pa\u00eds a nivel europeo como referente de las\u00a0 ciencias de la vida, de la biotecnolog\u00eda, bioinform\u00e1tica, bioingenier\u00eda, etc. Es, sin duda, una fuente de atracci\u00f3n de capital inversor global y su impulso permitir\u00e1 obtener ganancias significativas de competitividad y sostenibilidad futura.<\/p>\n<p>Sus potencialidades y los cambios que puede comportar encajan plenamente con las principales l\u00edneas estrat\u00e9gicas de los Fondos para la Reactivaci\u00f3n Econ\u00f3mica y Social: econom\u00eda de la vida, digitalizaci\u00f3n, sociedad del conocimiento, transici\u00f3n ecol\u00f3gica.<\/p>\n<p>Foment del Treball remarca que nuestro pa\u00eds dispone de los recursos y la capacidad para hacerlo: centros y profesionales de excelencia, asistenciales, educativos y de investigaci\u00f3n, tradici\u00f3n en el sector biotecnol\u00f3gico y farmac\u00e9utico, infraestructuras tecnol\u00f3gicas y de computaci\u00f3n sector industrial y de servicios potente y, pericia en partenariados nacionales e internacionales. Es una oportunidad estrat\u00e9gica que hay que saber aprovechar oportunamente.<\/p>\n<p><span style=\"color: #c1002b;\"><strong>Propuesta de Hoja de ruta<\/strong><\/span><\/p>\n<p>Foment del Teball propone promover un cl\u00faster de industrias y empresas nacionales que,\u00a0 en el marco de las l\u00edneas estrat\u00e9gicas que marcan los objetivos de los Fondos Europeos para la Recuperaci\u00f3n Econ\u00f3mica,\u00a0 apueste para la reconversi\u00f3n en el sector de la econom\u00eda de la vida y las industrias de la salud.<\/p>\n<p>Se trata de focalizar la apuesta de proyectos en sectores estrat\u00e9gicos concretos:<\/p>\n<ul>\n<li style=\"list-style-type: none;\">\n<ul>\n<li style=\"list-style-type: none;\">\n<ul>\n<li>Reindustrializaci\u00f3n en \u00e1mbitos como el textil, tecnolog\u00eda de la equipaci\u00f3n y desinfectantes.<\/li>\n<li>Industria de los datos y modelos de gesti\u00f3n: arquitectura e infraestructuras tecnol\u00f3gicas, Inteligencia Artificial, y modelos de relaci\u00f3n asociado como la telemedicina y teleasistencia<\/li>\n<li>Gen\u00f3mica y medicina de precisi\u00f3n, Inmunoterapia y Diagn\u00f3stico in vitro.<\/li>\n<li>Transformaci\u00f3n del modelo de atenci\u00f3n, virando hacia un modelo de atenci\u00f3n integrado sanitario y social y transformando la atenci\u00f3n hacia modelos comunitarios y pr\u00f3ximos al domicilio.<\/li>\n<\/ul>\n<\/li>\n<\/ul>\n<\/li>\n<\/ul>\n<p>Har\u00e1 falta, pues, promover proyectos competitivos de partenariado p\u00fablico-privado y de partenariado empresarial en estos \u00e1mbitos. Por eso, Foment insta los gobiernos a clarificar los mecanismos de decisi\u00f3n y de acompa\u00f1amiento a las empresas para acceder y ser competitivos en el acceso a los Fondos Europeos. Implicar al conjunto de los agentes sociales, a los gobiernos y en el mundo local, y elevarlo a proyecto de pa\u00eds con un plan de medidas gubernamentales de apoyo: fiscalidad, autorizaciones, solo industrial, etc.<\/p>\n<p>Foment del Treball cree que ahora es el momento de aprovechar las ayudas europeas para construir un nuevo modelo de econom\u00eda productiva, reactivar la industria y el sector servicios y generar ocupaci\u00f3n e innovaci\u00f3n, y hacerlo en un sector en crecimiento sostenido.<\/p>\n<p>Finalmente, Foment del Treball considera que articular una buena parte de los recursos europeos en base a la colaboraci\u00f3n p\u00fablico-privada para aprovechar y sacar el m\u00e1ximo resultado colectivo a unos recursos\u00a0 importantes, \u00fanicos y excepcionales que hay que afinar para favorecer una mayor competitividad y m\u00e1s capacitado de crear ocupaci\u00f3n y porque ayude a un modelo productivo de futuro en nuestro pa\u00eds.<\/p>\n","protected":false},"excerpt":{"rendered":"<p>Foment apuesta por el impulso de la econom\u00eda de la vida y las industrias de la salud como sector estrat\u00e9gico para reconstrucci\u00f3n econ\u00f3mica y social, y la reindustrializaci\u00f3n y reconversi\u00f3n de empresas para configurar un nuevo modelo de econom\u00eda productiva competitivo y de atracci\u00f3n y reconversi\u00f3n empresarial y local. La patronal insta a los gobiernos a clarificar los mecanismos de decisi\u00f3n y de acompa\u00f1amiento a las empresas para concretar proyectos de partenariado empresarial competitivos en el acceso a los fondos europeos. Actualmente ya es el tercer sector m\u00e1s importante en Catalu\u00f1a en cuanto a peso econ\u00f3mico (8,4% VAB) y el segundo sector m\u00e1s importante en la generaci\u00f3n de ocupaci\u00f3n (10,1% de los ocupados). Absorbe m\u00e1s el 5,2% de la Inversi\u00f3n Extranjera Directa (IED) en Catalu\u00f1a, el 7,8% de la inversi\u00f3n catalana al extranjero y el 8,1% de la exportaci\u00f3n catalanas de bienes. Y, adem\u00e1s, es el segundo sector que m\u00e1s gastada destina a innovaci\u00f3n tecnol\u00f3gica. Foment remarca que el sector de la sanidad contribuye a la mejora de la salud y al bienestar de las personas -el principal activo de un pa\u00eds- y, por lo tanto, contribuye a la cohesi\u00f3n social. Tiene un potencial de demanda creciente y sostenible y [&hellip;]<\/p>\n","protected":false},"author":10,"featured_media":97542,"comment_status":"closed","ping_status":"closed","sticky":false,"template":"","format":"standard","meta":{"_links_to":"","_links_to_target":""},"categories":[1821,114,4203,1667],"tags":[2589,3807,3805,3802,3803,3806,628],"acf":[],"wps_subtitle":"Es necesario implicar al conjunto de los agentes sociales, a los gobiernos y al mundo local, y elevarlo a proyecto de pa\u00eds con un plan de medidas gubernamentales de apoyo","_links":{"self":[{"href":"https:\/\/www.foment.com\/es\/wp-json\/wp\/v2\/posts\/97544"}],"collection":[{"href":"https:\/\/www.foment.com\/es\/wp-json\/wp\/v2\/posts"}],"about":[{"href":"https:\/\/www.foment.com\/es\/wp-json\/wp\/v2\/types\/post"}],"author":[{"embeddable":true,"href":"https:\/\/www.foment.com\/es\/wp-json\/wp\/v2\/users\/10"}],"replies":[{"embeddable":true,"href":"https:\/\/www.foment.com\/es\/wp-json\/wp\/v2\/comments?post=97544"}],"version-history":[{"count":9,"href":"https:\/\/www.foment.com\/es\/wp-json\/wp\/v2\/posts\/97544\/revisions"}],"predecessor-version":[{"id":97571,"href":"https:\/\/www.foment.com\/es\/wp-json\/wp\/v2\/posts\/97544\/revisions\/97571"}],"wp:featuredmedia":[{"embeddable":true,"href":"https:\/\/www.foment.com\/es\/wp-json\/wp\/v2\/media\/97542"}],"wp:attachment":[{"href":"https:\/\/www.foment.com\/es\/wp-json\/wp\/v2\/media?parent=97544"}],"wp:term":[{"taxonomy":"category","embeddable":true,"href":"https:\/\/www.foment.com\/es\/wp-json\/wp\/v2\/categories?post=97544"},{"taxonomy":"post_tag","embeddable":true,"href":"https:\/\/www.foment.com\/es\/wp-json\/wp\/v2\/tags?post=97544"}],"curies":[{"name":"wp","href":"https:\/\/api.w.org\/{rel}","templated":true}]}}