{"id":97787,"date":"2020-09-18T16:13:15","date_gmt":"2020-09-18T14:13:15","guid":{"rendered":"https:\/\/www.foment.com\/foment-week-conclou-acord-allargar-erto-ajudes-salvar-empreses\/"},"modified":"2020-10-02T13:13:31","modified_gmt":"2020-10-02T11:13:31","slug":"foment-week-concluye-acuerdo-alargar-erte-ayudas-salvar-empresas","status":"publish","type":"post","link":"https:\/\/www.foment.com\/es\/foment-week-concluye-acuerdo-alargar-erte-ayudas-salvar-empresas\/","title":{"rendered":"La Foment Week concluye con el acuerdo de alargar los ERTE y las ayudas para salvar empresas hasta que sea necesario"},"content":{"rendered":"<section class=\"wpb-content-wrapper\"><p>[vc_row][vc_column width=\u00bb1\/1&#8243;][vc_column_text]<\/p>\n<ul>\n<li><strong>La ministra de Trabajo y Econom\u00eda Social, Yolanda D\u00edaz, tranquiliza a los empresarios y se compromete a mantener los ERTE siempre que sea necesario.<\/strong><\/li>\n<\/ul>\n<ul>\n<li><strong>El presidente de Foment del Treball, Josep S\u00e1nchez Llibre, elogia a la ministra por su compromiso y por el reconocimiento que ha hecho ante el mundo empresarial por su implicaci\u00f3n en la crisis sanitaria y econ\u00f3mica actual.<\/strong><\/li>\n<\/ul>\n<ul>\n<li><strong>El vicepresidente del Banco Central Europeo, Luis de Guindos, afirma tambi\u00e9n que Europa podr\u00eda prolongar su Plan de Recuperaci\u00f3n si la crisis se alarga y, especialmente, para corregir la inflaci\u00f3n.<\/strong><\/li>\n<\/ul>\n<ul>\n<li><strong>El presidente de Grant Thornton, Ram\u00f3n Galcer\u00e1n, afirma que las compa\u00f1\u00edas fuertes son imprescindibles y ello requiere que aprovechen toda la financiaci\u00f3n nacional y europea que se ponga a su disposici\u00f3n.<\/strong><\/li>\n<\/ul>\n<p>[\/vc_column_text]<div class=\"video-embed  wpb_content_element\"><iframe title=\"Les claus del debat &#039;Mirant a Europa&#039; de la\u00a0Foment Week\" width=\"1161\" height=\"653\" src=\"https:\/\/www.youtube.com\/embed\/n6Yzh9eE3-A?feature=oembed\" frameborder=\"0\" allow=\"accelerometer; autoplay; clipboard-write; encrypted-media; gyroscope; picture-in-picture; web-share\" referrerpolicy=\"strict-origin-when-cross-origin\" allowfullscreen><\/iframe><\/div>[vc_column_text]La Foment Week ha finalizado hoy con el acuerdo de alargar los ERTE y las ayudas necesarias para las empresas hasta que finalice la crisis por el COVID-19. Una necesidad que han puesto de manifiesto el presidente de Foment del Treball, Josep S\u00e1nchez Llibre, la ministra de Trabajo y Econom\u00eda Social, Yolanda D\u00edaz, y el vicepresidente del Banco Central Europeo, Luis de Guindos, principales ponentes del Foro <em>Mirando a Europa<\/em>, que se ha celebrado esta ma\u00f1ana en la sede de la patronal empresarial en V\u00eda Laietana en formato televisivo.<\/p>\n<p>Un debate que ha abordado medidas e iniciativas de presente y de futuro en un contexto marcado por la pandemia del COVID-19, donde tambi\u00e9n han participado el gobernador del Banco de Espa\u00f1a, Pablo Hern\u00e1ndez de Cos, la directora general adjunta de la DG de Acci\u00f3n por el Clima de la Comisi\u00f3n Europea, Clara de la Torre, y el conseller d\u2019Empresa i Coneixement, Ramon Tremosa. Todos ellos han estado acompa\u00f1ados por el president de Foment y el presidente de Grant Thornton, Ram\u00f3n Galcer\u00e1n, Global Partner del evento.<\/p>\n<p><strong><span style=\"color: #c1002b;\">V\u00eddeo de toda la sesi\u00f3n<\/span><\/strong>[\/vc_column_text]<div class=\"video-embed  wpb_content_element\"><iframe title=\"Foment Week 2020\" width=\"1161\" height=\"653\" src=\"https:\/\/www.youtube.com\/embed\/Y76Y1mcxN4o?feature=oembed\" frameborder=\"0\" allow=\"accelerometer; autoplay; clipboard-write; encrypted-media; gyroscope; picture-in-picture; web-share\" referrerpolicy=\"strict-origin-when-cross-origin\" allowfullscreen><\/iframe><\/div>[vc_column_text]El presidente de Foment ha querido dejar clara la necesidad de que el estado transfiera recursos a las empresas y a los sectores m\u00e1s afectados por la pandemia, y afirma que Espa\u00f1a necesita las mismas ayudas que han tenido las compa\u00f1\u00edas en los principales pa\u00edses europeos. Adem\u00e1s, ha destacado que \u201cpara salvar empresas y salvar el empleo es necesario alargar los ERTE y todas las medidas que permitan a las empresas superar los efectos de la pandemia que ha provocado una ca\u00edda dr\u00e1stica del consumo. Pero adem\u00e1s hay sectores especialmente afectados como el turismo, el motor, la cultura o la hosteler\u00eda, que requieren un plan de choque espec\u00edfico. Es imprescindible salvar a las empresas y el empleo\u201d.[\/vc_column_text]<div class=\"flexslider wpb_content_element\"><ul class=\"slides\"><li><img src=\"https:\/\/www.foment.com\/wp-content\/uploads\/2020\/09\/photo5989868550891877930.jpg\" alt=\"\" \/><\/li><li><img src=\"https:\/\/www.foment.com\/wp-content\/uploads\/2020\/09\/photo5989868550891877927.jpg\" alt=\"\" \/><\/li><\/ul><\/div>[vc_column_text]Por su parte, el presidente de Grant Thornton, Ram\u00f3n Galcer\u00e1n ha destacado que \u201cla empresa espa\u00f1ola est\u00e1 desplegando todas las medidas y planes de contingencia necesarios para asegurar su reimpulso en este complicado momento. Lo que ha quedado claro hoy aqu\u00ed es que compa\u00f1\u00edas fuertes son imprescindibles en un escenario de recuperaci\u00f3n y ello requiere que aprovechen toda la financiaci\u00f3n nacional y europea que se ponga a su disposici\u00f3n, que aprovechen la coyuntura para transformarse y apuesten decididamente por ser m\u00e1s eficientes, productivas e innovadoras\u201d.[\/vc_column_text][vc_column_text]<span style=\"color: #c1002b;\"><strong>Apertura a cargo de la ministra de Trabajo, Yolanda D\u00edaz<\/strong><\/span><\/p>\n<p>La ministra de Trabajo y Econom\u00eda Social, Yolanda D\u00edaz, a quien S\u00e1nchez Llibre ha elogiado por su compromiso y por el reconocimiento que ha hecho ante el mundo empresarial por su implicaci\u00f3n en la crisis sanitaria y econ\u00f3mica actual, ha sido la encargada de abrir el debate. Durante su intervenci\u00f3n se ha comprometido a mantener los ERTE siempre que sea necesario. Asimismo, ha destacado que la Uni\u00f3n Europea marca un camino positivo y una orientaci\u00f3n cierta acerca de la \u00e9poca que nos ha tocado vivir y considera que estamos frente a una oportunidad hist\u00f3rica para Catalu\u00f1a y Espa\u00f1a. Para no perder, una vez m\u00e1s, el tren de la modernizaci\u00f3n de pa\u00eds anhelado.<\/p>\n<p>\u201cNecesitamos a las empresas, a las pymes, a los aut\u00f3nomos y a Catalu\u00f1a. Espa\u00f1a no puede renunciar, no quiere renunciar al papel de Catalu\u00f1a en esta hora hist\u00f3rica. En esta encrucijada de pa\u00eds, menos que nunca. Porque Catalu\u00f1a siempre fue vanguardia y ha de volver a serlo. Tambi\u00e9n para Catalu\u00f1a, de nuevo, la crisis como oportunidad. Conf\u00edo absolutamente en las energ\u00edas sociales de este pa\u00eds. Con Catalu\u00f1a, s\u00ed, vamos a salir adelante. Necesitamos que Catalu\u00f1a vuelva a ser motor econ\u00f3mico\u201d destaca la ministra.<\/p>\n<p>En su discurso, tambi\u00e9n ha hablado de la importancia de combatir en estos momentos los estereotipos de g\u00e9nero y alcanzar la igualdad efectiva y real, poniendo en valor el Acuerdo para la Igualdad Retributiva, firmado el pasado 31 de julio en el Ministerio de Trabajo.[\/vc_column_text]<div class=\"flexslider wpb_content_element\"><ul class=\"slides\"><li><img src=\"https:\/\/www.foment.com\/wp-content\/uploads\/2020\/09\/photo5989868550891877921.jpg\" alt=\"\" \/><\/li><li><img src=\"https:\/\/www.foment.com\/wp-content\/uploads\/2020\/09\/photo5989868550891877919.jpg\" alt=\"\" \/><\/li><\/ul><\/div>[vc_column_text]<span style=\"color: #c1002b;\"><strong>Di\u00e1logo sobre pol\u00edtica monetaria<\/strong><\/span><\/p>\n<p>Uno de los momentos m\u00e1s destacados del debate, ha sido el di\u00e1logo sobre la pol\u00edtica monetaria necesaria para incentivar la econom\u00eda despu\u00e9s de la crisis sanitaria derivada del COVID-19, que han abordado el presidente de Foment y el presidente de Grant Thornton, junto al vicepresidente del Banco Central Europeo, Luis de Guindos, y el gobernador del Banco de Espa\u00f1a, Pablo Hern\u00e1ndez de Cos.<\/p>\n<p>Por su parte, Luis de Guindos, ha querido poner en valor el papel de las instituciones europeas que han actuado como un aut\u00e9ntico paraguas en estos momentos de crisis econ\u00f3mica y sanitaria, fundamental para la econom\u00eda espa\u00f1ola, que ha evitado que la crisis fuera mucho peor. Tambi\u00e9n ha destacado que \u201cel plan de recuperaci\u00f3n europeo ha puesto orden para, por ejemplo, que los bancos puedan financiar a las empresas. En los mercados de deuda p\u00fablica las tensiones del pasado mes de marzo se reducen. La inflaci\u00f3n est\u00e1 por debajo del 2% y esto nos podr\u00eda obligar a reajustar. Si fuera necesario, el plan se podr\u00eda prolongar y tenemos los recursos suficientes para hacerlo\u201d.<\/p>\n<p>Y el gobernador del Banco de Espa\u00f1a, Pablo Hern\u00e1ndez de Cos, ha dicho que \u201cante una recuperaci\u00f3n incompleta, desigual, fr\u00e1gil e incierta, no hay margen para la complacencia. El Consejo de Gobierno del BCE est\u00e1 preparado para ajustar todos los instrumentos de pol\u00edtica monetaria con el fin de alcanzar nuestro objetivo de inflaci\u00f3n, conforme al compromiso de simetr\u00eda\u201d.[\/vc_column_text]<div class=\"flexslider wpb_content_element\"><ul class=\"slides\"><li><img src=\"https:\/\/www.foment.com\/wp-content\/uploads\/2020\/09\/photo5989868550891877931.jpg\" alt=\"\" \/><\/li><li><img src=\"https:\/\/www.foment.com\/wp-content\/uploads\/2020\/09\/Foto-001.jpg\" alt=\"\" \/><\/li><\/ul><\/div>[vc_column_text]<span style=\"color: #c1002b;\"><strong>El Pacto Verde, la nueva estrategia de crecimiento europea<\/strong><\/span><\/p>\n<p>A continuaci\u00f3n, el conductor del evento ha entrevistado a la directora general adjunta en la DG de Acci\u00f3n por el Clima de la Comisi\u00f3n Europea, Clara de la Torre, que ha centrado su intervenci\u00f3n en la importancia del Pacto Verde Europeo, lanzado en diciembre de 2019 como la nueva estrategia de crecimiento de Europa, donde la sostenibilidad ambiental, econ\u00f3mica y social van de la mano.<\/p>\n<p>\u201cHemos puesto el Pacto Verde Europeo en el centro de nuestros planes de recuperaci\u00f3n: el instrumento de recuperaci\u00f3n de la pr\u00f3xima generaci\u00f3n de la UE y el presupuesto reforzado a largo plazo, que con su peso combinado de m\u00e1s de 1,8 billones de euros, pueden ayudar a realizar la doble transici\u00f3n verde y digital a la que Europa aspira. Esta es una oportunidad \u00fanica para tomar decisiones de inversi\u00f3n que pondr\u00e1n a la UE, y a sus ciudadanos, en una mejor posici\u00f3n para lograr nuestro objetivo de ser el primer continente clim\u00e1ticamente neutro del mundo para 2050 y garantizar que nadie se quede atr\u00e1s en la transici\u00f3n\u201d.<\/p>\n<p>De la Torre afirma que con la pandemia del COVID-19 como tel\u00f3n de fondo, el Pacto Verde Europeo es m\u00e1s importante que nunca.[\/vc_column_text]<div class=\"single_image wpb_content_element align-left    \" data-animation=\"none\" data-delay=\"0\"><img width=\"2124\" height=\"1417\" src=\"https:\/\/www.foment.com\/wp-content\/uploads\/2020\/09\/Foto-010.jpg\" class=\"attachment-full\" alt=\"\" loading=\"lazy\" title=\"Foto 010\" srcset=\"https:\/\/www.foment.com\/wp-content\/uploads\/2020\/09\/Foto-010.jpg 2124w, https:\/\/www.foment.com\/wp-content\/uploads\/2020\/09\/Foto-010-300x200.jpg 300w, https:\/\/www.foment.com\/wp-content\/uploads\/2020\/09\/Foto-010-1024x683.jpg 1024w, https:\/\/www.foment.com\/wp-content\/uploads\/2020\/09\/Foto-010-768x512.jpg 768w, https:\/\/www.foment.com\/wp-content\/uploads\/2020\/09\/Foto-010-1536x1025.jpg 1536w, https:\/\/www.foment.com\/wp-content\/uploads\/2020\/09\/Foto-010-2048x1366.jpg 2048w, https:\/\/www.foment.com\/wp-content\/uploads\/2020\/09\/Foto-010-600x400.jpg 600w\" sizes=\"(max-width: 2124px) 100vw, 2124px\" \/><\/div>[vc_column_text]<span style=\"color: #c1002b;\"><strong>El liderazgo directivo en la era post-pandemia<\/strong><\/span><\/p>\n<p>De la mano de la socia de Auditor\u00eda de Grant Thornton, Isabel Perea, se ha llevado a cabo un debate en el que se han analizado las caracter\u00edsticas de los l\u00edderes del futuro, junto a la directora de RRHH de CriteriaCaixa, Francina Valls, la directora general de Frit Ravich, Judit Viader, y la directora de Innovaci\u00f3n y Conocimiento de Agbar, Catalina Balseiro.<\/p>\n<p>Principalmente han destacado que los directivos deben ser innovadores, saber adaptarse r\u00e1pidamente al cambio y aglutinar en un mismo equipo perfiles y culturas diversas en un entorno de transformaci\u00f3n digital colaborativa, que modificar\u00e1 los roles jer\u00e1rquicos de las organizaciones haci\u00e9ndolos m\u00e1s horizontales.[\/vc_column_text]<div class=\"flexslider wpb_content_element\"><ul class=\"slides\"><li><img src=\"https:\/\/www.foment.com\/wp-content\/uploads\/2020\/09\/Foto-009.jpg\" alt=\"\" \/><\/li><li><img src=\"https:\/\/www.foment.com\/wp-content\/uploads\/2020\/09\/Foto-008-scaled.jpg\" alt=\"\" \/><\/li><\/ul><\/div>[vc_column_text]<span style=\"color: #c1002b;\"><strong>Clausura de la mano de la Generalitat<\/strong><\/span><\/p>\n<p>El cierre del debate ha sido a cargo del conseller d\u2019Empresa i Coneixement, Ramon Tremosa, que ha querido poner en valor el papel del BCE como gran actor en la compra de deuda p\u00fablica.<\/p>\n<p>Adem\u00e1s, ha destacado que \u201cgracias al euro y a la libre circulaci\u00f3n somos un pa\u00eds de captaci\u00f3n de inversiones y de buenas pr\u00e1cticas. Pongamos en valor la estabilidad que nos ha dado la moneda \u00fanica. Sin esta moneda salir de las \u00faltimas crisis hubiera sido devastador\u201d.[\/vc_column_text]<div class=\"single_image wpb_content_element align-left    \" data-animation=\"none\" data-delay=\"0\"><img width=\"2124\" height=\"1417\" src=\"https:\/\/www.foment.com\/wp-content\/uploads\/2020\/09\/Foto-004.jpg\" class=\"attachment-full\" alt=\"\" loading=\"lazy\" title=\"Foto 004\" srcset=\"https:\/\/www.foment.com\/wp-content\/uploads\/2020\/09\/Foto-004.jpg 2124w, https:\/\/www.foment.com\/wp-content\/uploads\/2020\/09\/Foto-004-300x200.jpg 300w, https:\/\/www.foment.com\/wp-content\/uploads\/2020\/09\/Foto-004-1024x683.jpg 1024w, https:\/\/www.foment.com\/wp-content\/uploads\/2020\/09\/Foto-004-768x512.jpg 768w, https:\/\/www.foment.com\/wp-content\/uploads\/2020\/09\/Foto-004-1536x1025.jpg 1536w, https:\/\/www.foment.com\/wp-content\/uploads\/2020\/09\/Foto-004-2048x1366.jpg 2048w, https:\/\/www.foment.com\/wp-content\/uploads\/2020\/09\/Foto-004-600x400.jpg 600w\" sizes=\"(max-width: 2124px) 100vw, 2124px\" \/><\/div>[vc_column_text]Tremosa ha agradecido a Foment del Treball la organizaci\u00f3n del debate y la Foment Week poni\u00e9ndose a disposici\u00f3n de la instituci\u00f3n para seguir trabajando unidos en el camino de la recuperaci\u00f3n.<\/p>\n<p>Cabe destacar que la Foment Week, impulsada el pasado mes de marzo en colaboraci\u00f3n con Grant Thornton -Global Partner-, ha contado tambi\u00e9n con el apoyo de Bankia, \u201cla Caixa\u201d y Naturgy como Strategic Partners.[\/vc_column_text]<div class=\"flexslider wpb_content_element\"><ul class=\"slides\"><li><img src=\"https:\/\/www.foment.com\/wp-content\/uploads\/2020\/09\/photo5989868550891877769.jpg\" alt=\"\" \/><\/li><li><img src=\"https:\/\/www.foment.com\/wp-content\/uploads\/2020\/09\/photo5989868550891877774.jpg\" alt=\"\" \/><\/li><li><img src=\"https:\/\/www.foment.com\/wp-content\/uploads\/2020\/09\/photo5989868550891877768.jpg\" alt=\"\" \/><\/li><li><img src=\"https:\/\/www.foment.com\/wp-content\/uploads\/2020\/09\/photo5989868550891877765.jpg\" alt=\"\" \/><\/li><li><img src=\"https:\/\/www.foment.com\/wp-content\/uploads\/2020\/09\/FOMENT-WEEK-De-izq-a-derch-Ram\u00f3n-Galcer\u00e1n-Yolanda-D\u00edaz-Josep-S\u00e1nchez-Llibre-scaled.jpg\" alt=\"\" \/><\/li><li><img src=\"https:\/\/www.foment.com\/wp-content\/uploads\/2020\/09\/FOMENT-WEEK-De-izq-a-derch-Yolanda-D\u00edaz-y-S\u00e1nchez-Llibre.jpg\" alt=\"\" \/><\/li><li><img src=\"https:\/\/www.foment.com\/wp-content\/uploads\/2020\/09\/portada.jpg\" alt=\"\" \/><\/li><li><img src=\"https:\/\/www.foment.com\/wp-content\/uploads\/2020\/09\/Foto-006.jpg\" alt=\"\" \/><\/li><li><img src=\"https:\/\/www.foment.com\/wp-content\/uploads\/2020\/09\/photo5989868550891877761.jpg\" alt=\"\" \/><\/li><li><img src=\"https:\/\/www.foment.com\/wp-content\/uploads\/2020\/09\/photo5989868550891877760.jpg\" alt=\"\" \/><\/li><li><img src=\"https:\/\/www.foment.com\/wp-content\/uploads\/2020\/09\/photo5989868550891877759.jpg\" alt=\"\" \/><\/li><li><img src=\"https:\/\/www.foment.com\/wp-content\/uploads\/2020\/09\/photo5989868550891877758.jpg\" alt=\"\" \/><\/li><li><img src=\"https:\/\/www.foment.com\/wp-content\/uploads\/2020\/09\/photo5989868550891877923.jpg\" alt=\"\" \/><\/li><li><img src=\"https:\/\/www.foment.com\/wp-content\/uploads\/2020\/09\/photo5989868550891877752.jpg\" alt=\"\" \/><\/li><li><img src=\"https:\/\/www.foment.com\/wp-content\/uploads\/2020\/09\/Foto-010.jpg\" alt=\"\" \/><\/li><li><img src=\"https:\/\/www.foment.com\/wp-content\/uploads\/2020\/09\/photo5989868550891877755.jpg\" alt=\"\" \/><\/li><\/ul><\/div>[\/vc_column][\/vc_row]<\/p>\n<\/section>","protected":false},"excerpt":{"rendered":"<p>[vc_row][vc_column width=\u00bb1\/1&#8243;][vc_column_text] La ministra de Trabajo y Econom\u00eda Social, Yolanda D\u00edaz, tranquiliza a los empresarios y se compromete a mantener los ERTE siempre que sea necesario. El presidente de Foment del Treball, Josep S\u00e1nchez Llibre, elogia a la ministra por su compromiso y por el reconocimiento que ha hecho ante el mundo empresarial por su implicaci\u00f3n en la crisis sanitaria y econ\u00f3mica actual. El vicepresidente del Banco Central Europeo, Luis de Guindos, afirma tambi\u00e9n que Europa podr\u00eda prolongar su Plan de Recuperaci\u00f3n si la crisis se alarga y, especialmente, para corregir la inflaci\u00f3n. El presidente de Grant Thornton, Ram\u00f3n Galcer\u00e1n, afirma que las compa\u00f1\u00edas fuertes son imprescindibles y ello requiere que aprovechen toda la financiaci\u00f3n nacional y europea que se ponga a su disposici\u00f3n. [\/vc_column_text][vc_column_text]La Foment Week ha finalizado hoy con el acuerdo de alargar los ERTE y las ayudas necesarias para las empresas hasta que finalice la crisis por el COVID-19. Una necesidad que han puesto de manifiesto el presidente de Foment del Treball, Josep S\u00e1nchez Llibre, la ministra de Trabajo y Econom\u00eda Social, Yolanda D\u00edaz, y el vicepresidente del Banco Central Europeo, Luis de Guindos, principales ponentes del Foro Mirando a Europa, que se ha celebrado esta ma\u00f1ana [&hellip;]<\/p>\n","protected":false},"author":10,"featured_media":97772,"comment_status":"closed","ping_status":"closed","sticky":false,"template":"","format":"standard","meta":{"_links_to":"","_links_to_target":""},"categories":[114,2726],"tags":[3812,3101,3021,1110,2689,3840],"acf":[],"wps_subtitle":"Foment quiere institucionalizar  el d\u00eda del empresario en colaboraci\u00f3n con los agentes sociales, la administraci\u00f3n p\u00fablica y el mundo acad\u00e9mico","_links":{"self":[{"href":"https:\/\/www.foment.com\/es\/wp-json\/wp\/v2\/posts\/97787"}],"collection":[{"href":"https:\/\/www.foment.com\/es\/wp-json\/wp\/v2\/posts"}],"about":[{"href":"https:\/\/www.foment.com\/es\/wp-json\/wp\/v2\/types\/post"}],"author":[{"embeddable":true,"href":"https:\/\/www.foment.com\/es\/wp-json\/wp\/v2\/users\/10"}],"replies":[{"embeddable":true,"href":"https:\/\/www.foment.com\/es\/wp-json\/wp\/v2\/comments?post=97787"}],"version-history":[{"count":4,"href":"https:\/\/www.foment.com\/es\/wp-json\/wp\/v2\/posts\/97787\/revisions"}],"predecessor-version":[{"id":98592,"href":"https:\/\/www.foment.com\/es\/wp-json\/wp\/v2\/posts\/97787\/revisions\/98592"}],"wp:featuredmedia":[{"embeddable":true,"href":"https:\/\/www.foment.com\/es\/wp-json\/wp\/v2\/media\/97772"}],"wp:attachment":[{"href":"https:\/\/www.foment.com\/es\/wp-json\/wp\/v2\/media?parent=97787"}],"wp:term":[{"taxonomy":"category","embeddable":true,"href":"https:\/\/www.foment.com\/es\/wp-json\/wp\/v2\/categories?post=97787"},{"taxonomy":"post_tag","embeddable":true,"href":"https:\/\/www.foment.com\/es\/wp-json\/wp\/v2\/tags?post=97787"}],"curies":[{"name":"wp","href":"https:\/\/api.w.org\/{rel}","templated":true}]}}