{"id":97873,"date":"2020-09-21T13:00:07","date_gmt":"2020-09-21T11:00:07","guid":{"rendered":"https:\/\/www.foment.com\/prioritat-politica-economica-salvar-ocupacio-empreses-evitar-social\/"},"modified":"2020-09-21T16:41:37","modified_gmt":"2020-09-21T14:41:37","slug":"prioridad-politica-economica-salvar-trabajo-empresas-evitar-social","status":"publish","type":"post","link":"https:\/\/www.foment.com\/es\/prioridad-politica-economica-salvar-trabajo-empresas-evitar-social\/","title":{"rendered":"La prioridad de la pol\u00edtica econ\u00f3mica debe ser salvar los puestos de trabajo y las empresas para evitar la crisis social"},"content":{"rendered":"<section class=\"wpb-content-wrapper\"><p>[vc_row][vc_column][vc_column_text]<\/p>\n<ul>\n<li><strong>En la Eurozona el n\u00famero de parados en el primer semestre aument\u00f3 en 26.000 personas, lo cual implica que el aumento del paro en Espa\u00f1a \u2013con 197.000- es 7,5 veces superior al de la regi\u00f3n.<\/strong><\/li>\n<li><strong>Destaca la fuerte ca\u00edda de los ingresos tributarios hasta el 12%, en el segundo trimestre del a\u00f1o.<\/strong><\/li>\n<li><strong>Se modera el crecimiento en los sectores econ\u00f3micos con una fuerte interacci\u00f3n social ligada a los nueve brotes epidemiol\u00f3gicos de COVID-19, que han endurecido las medidas de salud p\u00fablica.<\/strong><\/li>\n<li><strong>Destaca la solvencia del sistema financiero espa\u00f1ol, que a diferencia de la crisis del 2008-2013, permite el flujo de cr\u00e9dito y sin \u00e9l, el desastre coyuntural hubiese sido mayor<\/strong><\/li>\n<li><strong>Los efectos econ\u00f3micos de la crisis est\u00e1n siendo comparativamente m\u00e1s notables en la econom\u00eda espa\u00f1ola, en t\u00e9rminos de ca\u00edda de PIB y de destrucci\u00f3n de ocupaci\u00f3n.<\/strong><\/li>\n<\/ul>\n<p>[\/vc_column_text]<div class=\"spacer\" style=\"height: 10px;\"><\/div>[\/vc_column][\/vc_row][vc_row][vc_column width=\u00bb1\/4&#8243;][\/vc_column][vc_column width=\u00bb1\/2&#8243;]<a href=\"https:\/\/www.foment.com\/wp-content\/uploads\/2020\/09\/Informe-Coyuntura-Septiembre-2020-castellano.pdf\" target=\"_self\" class=\"button color-1 small \" style=\"border-radius: 2px;\">INFORME DE COYUNTURA ECON\u00d3MICA<\/a><div class=\"spacer\" style=\"height: 10px;\"><\/div>[\/vc_column][vc_column width=\u00bb1\/4&#8243;][\/vc_column][\/vc_row][vc_row][vc_column][vc_column_text]Como ocurri\u00f3 en la anterior crisis, Espa\u00f1a es el pa\u00eds que explica gran parte de la destrucci\u00f3n de ocupaci\u00f3n. En la Eurozona, el n\u00famero de parados en el primer semestre de 2020 aument\u00f3 en 26.000 personas, lo cual implica que en Espa\u00f1a \u2013 con 197.000- el incremento del paro fue 7,5 veces el de la regi\u00f3n. Por todo esto, es fundamental que las medidas de acompa\u00f1amiento de los ERTEs apunten al hecho que este instrumento sea transitorio y no definitivo, sobre todo en el turismo, la cultura y el deporte. Ante esta situaci\u00f3n, la prioridad de la pol\u00edtica econ\u00f3mica del Gobierno debe ser salvar la ocupaci\u00f3n y las empresas para evitar que de la crisis sanitaria y la crisis econ\u00f3mica, se derive una crisis social sin precedentes. Una de las principales consecuencias para la econom\u00eda espa\u00f1ola de la actual crisis es el fort\u00edsimo incremento del d\u00e9ficit p\u00fablico, en cuanto que el gasto estimado en el primer semestre por el COVID-19 llega a los 20.800 millones de euros.[\/vc_column_text]<div class=\"single_image wpb_content_element align-left    \" data-animation=\"none\" data-delay=\"0\"><img width=\"738\" height=\"443\" src=\"https:\/\/www.foment.com\/wp-content\/uploads\/2020\/09\/Grafic-1.jpg\" class=\"attachment-full\" alt=\"\" loading=\"lazy\" title=\"Grafic 1\" srcset=\"https:\/\/www.foment.com\/wp-content\/uploads\/2020\/09\/Grafic-1.jpg 738w, https:\/\/www.foment.com\/wp-content\/uploads\/2020\/09\/Grafic-1-300x180.jpg 300w\" sizes=\"(max-width: 738px) 100vw, 738px\" \/><\/div>[vc_column_text]<\/p>\n<p>La ca\u00edda de la producci\u00f3n en Europa en la primera mitad del a\u00f1o fue la m\u00e1s profunda desde la Segunda Guerra Mundial, con una contracci\u00f3n de la econom\u00eda europea entre 25% a 30% por debajo de su capacidad en el per\u00edodo m\u00e1s estricto del confinamiento.<\/p>\n<p>De esta forma, la Comisi\u00f3n espera que el PIB se reduzca un 8,8% en 2020, con un repunte del 6,0% en 2021. Estas previsiones son peores que las del informe de primavera, e implican una recuperaci\u00f3n de la econom\u00eda hacia finales de 2021 un 2,0% por debajo de los niveles anteriores a la crisis.<\/p>\n<p>En cuanto a las recomendaciones, la OCDE tambi\u00e9n indica que hace falta invertir y destinar mayor cantidad de recursos a programas activos de empleo para crear nuevas oportunidades en los trabajadores desplazados.<\/p>\n<p><span style=\"color: #c1002b;\"><strong>Demanda y actividad. Confinamiento<\/strong><\/span><\/p>\n<p>Desde la perspectiva de la demanda, la aportaci\u00f3n de la demanda nacional a la variaci\u00f3n del PIB fue de -19,2 puntos y, por otro lado, la demanda externa contribuy\u00f3 con -2,9 puntos.<\/p>\n<p>Concretamente, se redujeron tanto las exportaciones de bienes (del -3,7% al -28,5%) como de servicios (del -11,2% al -60,2%), y dentro de estas, el gasto de no residentes en el territorio econ\u00f3mico baja 68,3 puntos (del -25,4% al -93,7%). Hay que destacar, adem\u00e1s, la fuerte ca\u00edda del consumo privado y de la inversi\u00f3n, -25,7% y -26,8%, respectivamente.<\/p>\n<p>Desde la perspectiva de la oferta, todos los sectores se contrajeron, registrando ca\u00eddas entre el 20% y 30% interanual.<\/p>\n<p>Seg\u00fan el Idescat, en el segundo trimestre, el PIB de Catalu\u00f1a cay\u00f3 un 21,3% interanual. El descenso intertrimestral fue de 16,9%.<\/p>\n<p>[\/vc_column_text]<div class=\"single_image wpb_content_element align-left    \" data-animation=\"none\" data-delay=\"0\"><img width=\"738\" height=\"443\" src=\"https:\/\/www.foment.com\/wp-content\/uploads\/2020\/09\/Grafic_2.png\" class=\"attachment-full\" alt=\"\" loading=\"lazy\" title=\"Grafic_2\" srcset=\"https:\/\/www.foment.com\/wp-content\/uploads\/2020\/09\/Grafic_2.png 738w, https:\/\/www.foment.com\/wp-content\/uploads\/2020\/09\/Grafic_2-300x180.png 300w\" sizes=\"(max-width: 738px) 100vw, 738px\" \/><\/div>[vc_column_text]<\/p>\n<p>Ya se dispone de datos que permitan evaluar las consecuencias que el per\u00edodo de confinamiento tuvo en la econom\u00eda. Y por otro, empiezan a vislumbrarse las primeras se\u00f1ales de recuperaci\u00f3n, aunque de manera desigual entre sectores. La evoluci\u00f3n temporal de los indicadores presenta una forma de V asim\u00e9trica, es decir, ca\u00edda pronunciada y recuperaci\u00f3n m\u00e1s gradual.<\/p>\n<p>La cifra de negocios de la industria se contrajo un 16,5% anual en la serie corregida para Espa\u00f1a, lo que implica un aumento de 13 puntos respecto al mes de mayo. El sector que ha tenido un comportamiento m\u00e1s estable durante esta crisis ha sido el de bienes de consumo no duradero, con una bajada de 5,5% en el primer trimestre del a\u00f1o respecto a igual per\u00edodo del a\u00f1o anterior. En Catalu\u00f1a, el \u00edndice general baj\u00f3 un 13,9% (media del conjunto de Espa\u00f1a: -11,4%).<\/p>\n<p>En cuanto a los precios, se registra una disminuci\u00f3n en Espa\u00f1a y Catalu\u00f1a, mientras que a la Eurozona se observa la primera variaci\u00f3n negativa desde el 2016. Resulta relevante esta ausencia de tensiones de precios tanto en cuanto permite que pueda trasladarse en los pr\u00f3ximos a\u00f1os esa pol\u00edtica monetaria acomodaticia al ciclo, que facilitar\u00e1 un mayor ritmo en la recuperaci\u00f3n econ\u00f3mica.<\/p>\n<p>Desde Foment se posa \u00e9nfasis en la necesidad de abordar planes como el implementado en Francia, donde se ha puesto en marcha un Plan de Relanzamiento, que atendida la crisis del COVID-19 tambi\u00e9n se focaliza a impulsar la econom\u00eda del pa\u00eds con una visi\u00f3n a largo plazo, 2030, basado en tres pilares: la ecolog\u00eda, la competitividad y la cohesi\u00f3n social, que har\u00eda falta tambi\u00e9n incorporar en nuestro dise\u00f1o de planes, y con una participaci\u00f3n activa de los agentes econ\u00f3micos y sociales m\u00e1s representativos.<\/p>\n<p>En este sentido, hay que contemplar el programa de ayuda europea, donde hay una parte significativa de ayudas directas, como una oportunidad \u00fanica, de 140.000 millones de euros, que hay que focalizar especialmente a reforzar y mejorar la competitividad de nuestra econom\u00eda, adem\u00e1s de apaciguar los efectos negativos que sufren sectores y empresas debido a las restricciones de salud p\u00fablica asociada a la COVID-19.<\/p>\n<p>Finalmente, se\u00f1alar que ante un nuevo contexto sanitario con nuevos brotes epidemiol\u00f3gicos de COVID-19 y ante la disposici\u00f3n de material preventivo (mascarillas, EPIs, etc.), resulta imprescindible un control m\u00e1s afinado de los brotes, que aleje el contagio comunitario, y exigimos una mayor responsabilidad en el conjunto de la ciudadan\u00eda, a fin de que se controle el contagio, y se suavice, en su momento, las restricciones sanitarias, a la espera de su resoluci\u00f3n terap\u00e9utica (vacunas, tratamientos, etc.). Sin solucionar la crisis sanitaria no podemos solucionar la crisis econ\u00f3mica, y hay que evitar que esta se convierta en una crisis social, dado el fuerte componente que en Espa\u00f1a se da en t\u00e9rminos de p\u00e9rdida de empleo.<\/p>\n<p><span style=\"color: #c1002b;\"><strong>Turismo<\/strong><\/span><\/p>\n<p>En cuanto a la actividad tur\u00edstica, durante los siete primeros meses de 2020, el gasto total de los turistas internacionales descendi\u00f3 un 72,6% respecto a igual per\u00edodo de 2019, alcanzando los 14.291 millones de euros en Espa\u00f1a, frente a los 52.360 acumulados a julio del a\u00f1o pasado. Catalu\u00f1a represent\u00f3 el 19,3% del total de gasto, es decir, 2.758 millones de euros, lo que implica una ca\u00edda de 77,7% en t\u00e9rminos anuales.<\/p>\n<p>Por su parte, hasta julio, llegaron a Espa\u00f1a unos 13,2 millones de visitantes, es decir, un 72,4% menos que en igual per\u00edodo del a\u00f1o anterior. Catalu\u00f1a, segundo destino tur\u00edstico de Espa\u00f1a \u2013con 2,9 millones de visitantes, representando el 21,2% del total\u2013 registr\u00f3 una disminuci\u00f3n de 75,6% anual.<\/p>\n<p>Seg\u00fan datos de la Organizaci\u00f3n Mundial del Turismo (OMT) y de Naciones Unidas (ONU), en 2019 el turismo represent\u00f3 el 7% del comercio mundial, y la masiva ca\u00edda de ingresos de exportaci\u00f3n del turismo por el COVID-19 podr\u00eda reducir el PIB mundial hasta en un 2,8%; adem\u00e1s de hacer peligrar de 100 a 120 millones de empleos directos en 2020.<\/p>\n<p>Durante los primeros meses del a\u00f1o, la llegada de turistas internacionales se ha reducido en un 56% a escala mundial, con una ca\u00edda del 98% en el mes de mayo. Esta reducci\u00f3n del turismo mundial se debe principalmente a las restricciones sobre la movilidad internacional, especialmente por v\u00eda a\u00e9rea, debido al cierre de fronteras aplicado por la gran mayor\u00eda de pa\u00edses para tratar de frenar la propagaci\u00f3n del virus. Se estima que, durante los primeros 5 meses del a\u00f1o, se perdieron $320 miles de millones en exportaciones del turismo (m\u00e1s de 3 veces el total de p\u00e9rdidas durante la Crisis Econ\u00f3mica Mundial de 2009).<\/p>\n<p>La raz\u00f3n por la que la ca\u00edda del turismo supone un impacto tan grande, no se debe solo al peso del propio sector en el total del PIB, sino por su efecto arrastre sobre otros sectores importantes de la econom\u00eda, como la hosteler\u00eda, el transporte, el ocio, la cultura, etc. Adem\u00e1s, el sector tur\u00edstico se caracteriza por ser muy intensivo en mano de obra (con alta presencia de mujeres y j\u00f3venes), as\u00ed como que la mayor\u00eda de empresas del sector (80%) son pymes y micro-pymes. La combinaci\u00f3n de ambas caracter\u00edsticas convierte a estos colectivos en grupos vulnerables dado su importante peso en el sector tur\u00edstico y la grave afectaci\u00f3n del COVID sobre este.<\/p>\n<p>Espa\u00f1a es nada menos que la segunda potencia mundial en turismo (83,7 millones de turistas en 2019; con un gasto de 92,28 miles de millones de euros, seg\u00fan el INE), solo por detr\u00e1s de Francia (90 millones de turistas aproximadamente).<\/p>\n<p>[\/vc_column_text]<div class=\"single_image wpb_content_element align-left    \" data-animation=\"none\" data-delay=\"0\"><img width=\"738\" height=\"443\" src=\"https:\/\/www.foment.com\/wp-content\/uploads\/2020\/09\/Grafic_3.png\" class=\"attachment-full\" alt=\"\" loading=\"lazy\" title=\"Grafic_3\" srcset=\"https:\/\/www.foment.com\/wp-content\/uploads\/2020\/09\/Grafic_3.png 738w, https:\/\/www.foment.com\/wp-content\/uploads\/2020\/09\/Grafic_3-300x180.png 300w\" sizes=\"(max-width: 738px) 100vw, 738px\" \/><\/div>[vc_column_text]Con un peso del 12,3% sobre el total del PIB, el sector tur\u00edstico se erige como uno de los sectores clave de nuestra econom\u00eda, y en especial en ciertas comunidades aut\u00f3nomas como Catalu\u00f1a, quien representa el 25% del total del sector tur\u00edstico espa\u00f1ol.<\/p>\n<p>Es por ello que una ca\u00edda tan fuerte del sector tur\u00edstico acaba teniendo un fuerte impacto para ambas econom\u00edas. Que a medio y largo plazo puede suponer graves consecuencias sobre la actividad empresarial y el empleo.[\/vc_column_text]<div class=\"single_image wpb_content_element align-left    \" data-animation=\"none\" data-delay=\"0\"><img width=\"740\" height=\"533\" src=\"https:\/\/www.foment.com\/wp-content\/uploads\/2020\/09\/Grafic_4.png\" class=\"attachment-full\" alt=\"\" loading=\"lazy\" title=\"Grafic_4\" srcset=\"https:\/\/www.foment.com\/wp-content\/uploads\/2020\/09\/Grafic_4.png 740w, https:\/\/www.foment.com\/wp-content\/uploads\/2020\/09\/Grafic_4-300x216.png 300w\" sizes=\"(max-width: 740px) 100vw, 740px\" \/><\/div>[vc_column_text]Ante esta situaci\u00f3n, las Naciones Unidas y la OMT, han establecido 5 prioridades para reanudar el turismo, pero aprovechando la oportunidad para hacer de este sector uno m\u00e1s resiliente, inclusivo y neutral en cuanto a las emisiones de carbono. Estas prioridades son:<\/p>\n<ol>\n<li>Mitigar los efectos socioecon\u00f3micos en los medios de vida, en particular el empleo y la seguridad econ\u00f3mica de las mujeres.<\/li>\n<li>Impulsar la competitividad y crear capacidad de recuperaci\u00f3n, entre otros, mediante la diversificaci\u00f3n econ\u00f3mica y el fomento de las pymes.<\/li>\n<li>Avanzar en la innovaci\u00f3n y la transformaci\u00f3n digital del turismo.<\/li>\n<li>Fomentar la sostenibilidad y el crecimiento verde.<\/li>\n<li>Dedicar mayor atenci\u00f3n a la coordinaci\u00f3n y al liderazgo responsable.<\/li>\n<\/ol>\n<p>[\/vc_column_text][\/vc_column][\/vc_row]<\/p>\n<\/section>","protected":false},"excerpt":{"rendered":"<p>[vc_row][vc_column][vc_column_text] En la Eurozona el n\u00famero de parados en el primer semestre aument\u00f3 en 26.000 personas, lo cual implica que el aumento del paro en Espa\u00f1a \u2013con 197.000- es 7,5 veces superior al de la regi\u00f3n. Destaca la fuerte ca\u00edda de los ingresos tributarios hasta el 12%, en el segundo trimestre del a\u00f1o. Se modera el crecimiento en los sectores econ\u00f3micos con una fuerte interacci\u00f3n social ligada a los nueve brotes epidemiol\u00f3gicos de COVID-19, que han endurecido las medidas de salud p\u00fablica. Destaca la solvencia del sistema financiero espa\u00f1ol, que a diferencia de la crisis del 2008-2013, permite el flujo de cr\u00e9dito y sin \u00e9l, el desastre coyuntural hubiese sido mayor Los efectos econ\u00f3micos de la crisis est\u00e1n siendo comparativamente m\u00e1s notables en la econom\u00eda espa\u00f1ola, en t\u00e9rminos de ca\u00edda de PIB y de destrucci\u00f3n de ocupaci\u00f3n. [\/vc_column_text][\/vc_column][\/vc_row][vc_row][vc_column width=\u00bb1\/4&#8243;][\/vc_column][vc_column width=\u00bb1\/2&#8243;][\/vc_column][vc_column width=\u00bb1\/4&#8243;][\/vc_column][\/vc_row][vc_row][vc_column][vc_column_text]Como ocurri\u00f3 en la anterior crisis, Espa\u00f1a es el pa\u00eds que explica gran parte de la destrucci\u00f3n de ocupaci\u00f3n. En la Eurozona, el n\u00famero de parados en el primer semestre de 2020 aument\u00f3 en 26.000 personas, lo cual implica que en Espa\u00f1a \u2013 con 197.000- el incremento del paro fue 7,5 veces el de la regi\u00f3n. Por todo esto, es [&hellip;]<\/p>\n","protected":false},"author":10,"featured_media":97867,"comment_status":"closed","ping_status":"closed","sticky":false,"template":"","format":"standard","meta":{"_links_to":"","_links_to_target":""},"categories":[2735,114,69],"tags":[303,3842,3843,3101,228,3844,3073,2829],"acf":[],"wps_subtitle":"La crisis sanitaria y econ\u00f3mica ralentizan la recuperaci\u00f3n m\u00e1s de lo previsto","_links":{"self":[{"href":"https:\/\/www.foment.com\/es\/wp-json\/wp\/v2\/posts\/97873"}],"collection":[{"href":"https:\/\/www.foment.com\/es\/wp-json\/wp\/v2\/posts"}],"about":[{"href":"https:\/\/www.foment.com\/es\/wp-json\/wp\/v2\/types\/post"}],"author":[{"embeddable":true,"href":"https:\/\/www.foment.com\/es\/wp-json\/wp\/v2\/users\/10"}],"replies":[{"embeddable":true,"href":"https:\/\/www.foment.com\/es\/wp-json\/wp\/v2\/comments?post=97873"}],"version-history":[{"count":5,"href":"https:\/\/www.foment.com\/es\/wp-json\/wp\/v2\/posts\/97873\/revisions"}],"predecessor-version":[{"id":97942,"href":"https:\/\/www.foment.com\/es\/wp-json\/wp\/v2\/posts\/97873\/revisions\/97942"}],"wp:featuredmedia":[{"embeddable":true,"href":"https:\/\/www.foment.com\/es\/wp-json\/wp\/v2\/media\/97867"}],"wp:attachment":[{"href":"https:\/\/www.foment.com\/es\/wp-json\/wp\/v2\/media?parent=97873"}],"wp:term":[{"taxonomy":"category","embeddable":true,"href":"https:\/\/www.foment.com\/es\/wp-json\/wp\/v2\/categories?post=97873"},{"taxonomy":"post_tag","embeddable":true,"href":"https:\/\/www.foment.com\/es\/wp-json\/wp\/v2\/tags?post=97873"}],"curies":[{"name":"wp","href":"https:\/\/api.w.org\/{rel}","templated":true}]}}