{"id":98277,"date":"2020-09-29T20:21:54","date_gmt":"2020-09-29T18:21:54","guid":{"rendered":"https:\/\/www.foment.com\/foment-i-la-unio-patronal-metallurgica-donen-ple-suport-al-creixement-i-ampliacio-del-cfp\/"},"modified":"2020-09-29T20:36:56","modified_gmt":"2020-09-29T18:36:56","slug":"foment-y-la-union-patronal-metalurgica-dan-pleno-soporte-al-crecimiento-y-ampliacion-del-cfp","status":"publish","type":"post","link":"https:\/\/www.foment.com\/es\/foment-y-la-union-patronal-metalurgica-dan-pleno-soporte-al-crecimiento-y-ampliacion-del-cfp\/","title":{"rendered":"Foment y la Uni\u00f3n Patronal Metal\u00fargica dan pleno apoyo al crecimiento y ampliaci\u00f3n del CFP"},"content":{"rendered":"<section class=\"wpb-content-wrapper\"><p>[vc_row][vc_column][vc_column_text]<\/p>\n<ul>\n<li><strong>Los dos han mostrado su voluntad de apoyar al crecimiento del centro, como herramienta para impulsar la reindustrializaci\u00f3n del pa\u00eds.<\/strong><\/li>\n<\/ul>\n<p>Foment del Treball Nacional y la Uni\u00f3n Patronal Metal\u00fargica apoyan a un futuro crecimiento y ampliaci\u00f3n del <a href=\"https:\/\/www.cfp.cat\">Centro de Formaci\u00f3n Pr\u00e1ctica<\/a>, el centro formativo y de servicios para las empresas del sector del metal de la Catalu\u00f1a Central. Sus presidentes Josep S\u00e1nchez Llibre y Jaume Roura han visitado esta ma\u00f1ana lo CFP y han podido conocer de cerca el papel que juega en la competitividad del tejido industrial del territorio. Los han acompa\u00f1ado S\u00edlvia Gratac\u00f2s, presidenta de la Fundaci\u00f3n Lacet\u00e0nia, titular del CFP, y Xavier Perramon, presidente del CFP, adem\u00e1s de representantes de algunas de las principales empresas del metal de la comarca.<\/p>\n<p>S\u00e1nchez Llibre ha mostrado su inter\u00e9s por el proyecto de ampliaci\u00f3n del CFP y ha manifestado \u201cel compromiso de Fomento del Trabajo para darle todo el apoyo necesario ante el gobierno de la Generalitat y de las instituciones europeas\u201d. En este sentido, ha animado los responsables del CFP y representantes de empresas del sector del metal a trabajar conjuntamente porque la Catalu\u00f1a Central acontezca un polo metal\u00fargico y un eje para la reindustrializaci\u00f3n del pa\u00eds. Jaume Roura ha a\u00f1adido que \u201ces una gran satisfacci\u00f3n conocer en primera persona un centro de esta magnitud, que est\u00e1 trabajando para preparar los futuros trabajadores del sector del metal\u201d.<\/p>\n<p>S\u00edlvia Gratac\u00f2s, presidenta de la Fundaci\u00f3n Lacet\u00e0nia, ha posado en valor la trayectoria del centro, que es fruto de la colaboraci\u00f3n de diferentes administraciones y de la implicaci\u00f3n de las empresas del sector del metal. El presidente del CFP Xavier Perramon ha destacado la tarea formativa que se hace, que es clave para que las empresas del territorio puedan disponer de profesionales cualificados y adaptados a las \u00faltimas tendencias del sector industrial.<\/p>\n<p>Despr\u00e9s de la visita, els presidents de Foment del Treball i d\u2019UPM han participat en un dinar de treball amb empreses del sector del metall de la Catalunya Central.[\/vc_column_text]<div class=\"flexslider wpb_content_element\"><ul class=\"slides\"><li><img src=\"https:\/\/www.foment.com\/wp-content\/uploads\/2020\/09\/photo6025915107600609899.jpg\" alt=\"\" \/><\/li><li><img src=\"https:\/\/www.foment.com\/wp-content\/uploads\/2020\/09\/photo6025915107600609898.jpg\" alt=\"\" \/><\/li><li><img src=\"https:\/\/www.foment.com\/wp-content\/uploads\/2020\/09\/photo6025915107600609897.jpg\" alt=\"\" \/><\/li><li><img src=\"https:\/\/www.foment.com\/wp-content\/uploads\/2020\/09\/photo6025915107600609900.jpg\" alt=\"\" \/><\/li><\/ul><\/div>[\/vc_column][\/vc_row]<\/p>\n<\/section>","protected":false},"excerpt":{"rendered":"<p>[vc_row][vc_column][vc_column_text] Los dos han mostrado su voluntad de apoyar al crecimiento del centro, como herramienta para impulsar la reindustrializaci\u00f3n del pa\u00eds. Foment del Treball Nacional y la Uni\u00f3n Patronal Metal\u00fargica apoyan a un futuro crecimiento y ampliaci\u00f3n del Centro de Formaci\u00f3n Pr\u00e1ctica, el centro formativo y de servicios para las empresas del sector del metal de la Catalu\u00f1a Central. Sus presidentes Josep S\u00e1nchez Llibre y Jaume Roura han visitado esta ma\u00f1ana lo CFP y han podido conocer de cerca el papel que juega en la competitividad del tejido industrial del territorio. Los han acompa\u00f1ado S\u00edlvia Gratac\u00f2s, presidenta de la Fundaci\u00f3n Lacet\u00e0nia, titular del CFP, y Xavier Perramon, presidente del CFP, adem\u00e1s de representantes de algunas de las principales empresas del metal de la comarca. S\u00e1nchez Llibre ha mostrado su inter\u00e9s por el proyecto de ampliaci\u00f3n del CFP y ha manifestado \u201cel compromiso de Fomento del Trabajo para darle todo el apoyo necesario ante el gobierno de la Generalitat y de las instituciones europeas\u201d. En este sentido, ha animado los responsables del CFP y representantes de empresas del sector del metal a trabajar conjuntamente porque la Catalu\u00f1a Central acontezca un polo metal\u00fargico y un eje para la reindustrializaci\u00f3n del pa\u00eds. Jaume [&hellip;]<\/p>\n","protected":false},"author":10,"featured_media":98275,"comment_status":"closed","ping_status":"closed","sticky":false,"template":"","format":"standard","meta":{"_links_to":"","_links_to_target":""},"categories":[114,113,68],"tags":[3879,3178,329,751,3880,280,3881],"acf":[],"wps_subtitle":"Sus presidentes Josep S\u00e0nchez Llibre y Jaume Roura han visitado esta ma\u00f1ana el centro y han podido conocer la tarea que lleva a cabo para el sector del metal de la Catalu\u00f1a Central","_links":{"self":[{"href":"https:\/\/www.foment.com\/es\/wp-json\/wp\/v2\/posts\/98277"}],"collection":[{"href":"https:\/\/www.foment.com\/es\/wp-json\/wp\/v2\/posts"}],"about":[{"href":"https:\/\/www.foment.com\/es\/wp-json\/wp\/v2\/types\/post"}],"author":[{"embeddable":true,"href":"https:\/\/www.foment.com\/es\/wp-json\/wp\/v2\/users\/10"}],"replies":[{"embeddable":true,"href":"https:\/\/www.foment.com\/es\/wp-json\/wp\/v2\/comments?post=98277"}],"version-history":[{"count":5,"href":"https:\/\/www.foment.com\/es\/wp-json\/wp\/v2\/posts\/98277\/revisions"}],"predecessor-version":[{"id":98282,"href":"https:\/\/www.foment.com\/es\/wp-json\/wp\/v2\/posts\/98277\/revisions\/98282"}],"wp:featuredmedia":[{"embeddable":true,"href":"https:\/\/www.foment.com\/es\/wp-json\/wp\/v2\/media\/98275"}],"wp:attachment":[{"href":"https:\/\/www.foment.com\/es\/wp-json\/wp\/v2\/media?parent=98277"}],"wp:term":[{"taxonomy":"category","embeddable":true,"href":"https:\/\/www.foment.com\/es\/wp-json\/wp\/v2\/categories?post=98277"},{"taxonomy":"post_tag","embeddable":true,"href":"https:\/\/www.foment.com\/es\/wp-json\/wp\/v2\/tags?post=98277"}],"curies":[{"name":"wp","href":"https:\/\/api.w.org\/{rel}","templated":true}]}}