{"id":99620,"date":"2020-10-14T15:46:48","date_gmt":"2020-10-14T13:46:48","guid":{"rendered":"https:\/\/www.foment.com\/?p=99620"},"modified":"2020-10-15T10:48:48","modified_gmt":"2020-10-15T08:48:48","slug":"defiende-seguridad-centros-trabajo-pide-atacar-focos-principales-contagio-apela-responsabilidad-ciudadana","status":"publish","type":"post","link":"https:\/\/www.foment.com\/es\/defiende-seguridad-centros-trabajo-pide-atacar-focos-principales-contagio-apela-responsabilidad-ciudadana\/","title":{"rendered":"Foment defiende la seguridad de los centros de trabajo, pide atacar los focos principales de contagio y apela a la responsabilidad ciudadana"},"content":{"rendered":"<section class=\"wpb-content-wrapper\"><p>[vc_row][vc_column][vc_column_text]<\/p>\n<ul>\n<li><strong>Las medidas deben ser equilibradas y proporcionadas, siguiendo el estricto cumplimiento de las normas de protecci\u00f3n e higiene. <\/strong><\/li>\n<li><strong>Los centros de trabajo son seguros porque han incorporado cambios organizativos y han invertido tambi\u00e9n en seguridad e higiene para trabajadores y clientes.<\/strong><\/li>\n<li><strong>La normas extraordinarias deben priorizar y atacar los principales focos de contagio que, seg\u00fan se desprende de los datos de Sanidad, se localizan en \u201cla interacci\u00f3n social y en el \u00e1mbito familiar\u201d, porque quedan al margen del estricto cumplimiento de la normativa. <\/strong><\/li>\n<li><strong>Todos los ciudadanos, sin excepci\u00f3n, deben actuar con m\u00e1xima responsabilidad en sus espacios m\u00e1s privados y por ello, debe incrementarse la informaci\u00f3n que apele a la responsabilidad personal y, si fuera necesario, la vigilancia.<\/strong><\/li>\n<li><strong>No se debe dificultar la movilidad en el transporte privado y debe valorarse si es necesario incrementar la frecuencia del transporte p\u00fablico en las horas de m\u00e1xima afluencia de pasajeros.<\/strong><\/li>\n<li><strong>Los servicios de restauraci\u00f3n de autopistas y carreteras deben mantener la actividad para atender al sector del transporte como si se tratara de servicios esenciales.<\/strong><\/li>\n<li><strong>Para el cumplimiento de las medidas extraordinarias ser\u00e1n necesarias nuevas medidas econ\u00f3micas compensatorias para evitar m\u00e1s cierres de centros de trabajo.<\/strong><\/li>\n<\/ul>\n<p>[\/vc_column_text]<div class=\"spacer\" style=\"height: 10px;\"><\/div>[\/vc_column][\/vc_row][vc_row][vc_column width=\u00bb1\/6&#8243;][\/vc_column][vc_column width=\u00bb2\/3&#8243;]<div class=\"video-embed  wpb_content_element\"><iframe title=\"Roger Gaspa sobre les noves mesures extraordin\u00e0ries de la Generalitat per contenir la pandemia\" width=\"1161\" height=\"653\" src=\"https:\/\/www.youtube.com\/embed\/C-HuhWRd_gE?feature=oembed\" frameborder=\"0\" allow=\"accelerometer; autoplay; clipboard-write; encrypted-media; gyroscope; picture-in-picture; web-share\" referrerpolicy=\"strict-origin-when-cross-origin\" allowfullscreen><\/iframe><\/div><div class=\"spacer\" style=\"height: 10px;\"><\/div>[\/vc_column][vc_column width=\u00bb1\/6&#8243;][\/vc_column][\/vc_row][vc_row][vc_column][vc_column_text]Ante el anuncio de las nuevas medidas extraordinarias por parte \u00a0del Gobierno de la Generalitat para contener la propagaci\u00f3n del virus de la COVID 19, <strong>Foment del Treball quiere expresar su<\/strong> <strong>posici\u00f3n contraria a las medidas que implican la pr\u00e1ctica suspensi\u00f3n de la actividad de\u00a0 los establecimientos de restauraci\u00f3n (bares y restaurantes), al considerarlo desproporcionado, \u00a0as\u00ed como restricciones a la actividad de otros sectores,\u00a0 y defiende que \u00a0para atacar la pandemia la prioridad es centrarse en los \u201cfocos principales de contagio\u201d y no en los centros de trabajo que \u00a0cumplen la normativa y act\u00faan de forma responsable para proteger la salud de sus trabajadores y clientes. <\/strong>Foment est\u00e1 a favor \u00a0de las medidas extraordinarias que sean \u00a0equilibradas y proporcionadas a la situaci\u00f3n de crisis sanitaria, que no agraven a\u00fan m\u00e1s la crisis econ\u00f3mica y no condene\u00a0 a la pobreza a miles de trabajadores.<\/p>\n<p>Foment del Treball, que comparte la necesidad de nuevas medidas extraordinarias para contener el repunte de la pandemia y que ofrece su apoyo y colaboraci\u00f3n a todas las administraciones p\u00fablicas y a todos los sectores econ\u00f3micos, quiere puntualizar lo siguiente:<\/p>\n<ol>\n<li>La crisis sanitaria requiere la implicaci\u00f3n de todos y, como no puede ser de otro modo, los empresarios continuar\u00e1n ofreciendo su compromiso y colaboraci\u00f3n para contener la propagaci\u00f3n del virus y proteger la salud de todos los ciudadanos.<\/li>\n<li>La crisis sanitaria ha desencadenado una severa crisis econ\u00f3mica contra la cual tambi\u00e9n debemos luchar para evitar el cierre de m\u00e1s empresas y la p\u00e9rdida de m\u00e1s empleo.<\/li>\n<li>Las necesarias e inevitables medidas extraordinarias que es necesario tomar, deben ser equilibradas y proporcionadas para atender con la misma intensidad la protecci\u00f3n de la salud de las personas, como evitar la condena a la pobreza de miles de trabajadores y empresarios.<\/li>\n<li>Los centros de trabajo, -y aqu\u00ed se incluyen desde la industria, el comercio, la restauraci\u00f3n, la cultura, el deporte, la universidad y los centros escolares\u2026- cumplen y hacen cumplir a sus trabajadores y clientes todas las medidas de protecci\u00f3n e higiene para evitar nuevos contagios (mascarillas, distancia de seguridad e higiene). Para ello han integrado una nueva organizaci\u00f3n en horarios, turnos y localizaci\u00f3n de sus trabajadores y han invertido, adem\u00e1s, en materiales y recursos que obligan al cumplimiento de la normativa.<\/li>\n<li>Seg\u00fan la informaci\u00f3n que facilita la administraci\u00f3n, los focos principales de contagio se registran en la interacci\u00f3n social y en el \u00e1mbito familiar, es decir, fuera de los protocolizados espacios laborales que cumplen estrictamente la normativa que marcan los servicios de Prevenci\u00f3n de Riesgos Laborales.<\/li>\n<li>Por todo ello, Foment del Treball entiende que debe priorizarse el ataque a la pandemia en estos focos principales de contagio y no perjudicar de nuevo a la dif\u00edcil viabilidad de miles de empresas, en su inmensa mayor\u00eda de trabajadores aut\u00f3nomos, y poner en riesgo su futuro.<\/li>\n<li>No debe limitarse la movilidad del transporte privado y deber\u00eda valorarse el incremento de frecuencia del transporte p\u00fablico en las horas de m\u00e1xima afluencia de pasajeros.<\/li>\n<li>Los servicios de restauraci\u00f3n de autopistas y carreteras deber\u00e1n considerarse servicios esenciales para atender las necesidades de transportistas y viajeros a lo largo de sus trayectos. Estos centros cuentan con estrictas normas de protecci\u00f3n e higiene.<\/li>\n<li>Ante las nuevas limitaciones de aforos, que perjudicar\u00e1n la actividad y el consumo, es imprescindible regular nuevas ayudas econ\u00f3micas compensatorias para los sectores afectados.<\/li>\n<li>La lucha contra la pandemia requiere el compromiso de todos y esto implica la responsabilidad personal de cada ciudadano. Por ello, Foment propone incrementar la informaci\u00f3n ciudadana que invite a la actitud responsable y solidaria de todos.<\/li>\n<\/ol>\n<p>[\/vc_column_text][\/vc_column][\/vc_row]<\/p>\n<\/section>","protected":false},"excerpt":{"rendered":"<p>[vc_row][vc_column][vc_column_text] Las medidas deben ser equilibradas y proporcionadas, siguiendo el estricto cumplimiento de las normas de protecci\u00f3n e higiene. Los centros de trabajo son seguros porque han incorporado cambios organizativos y han invertido tambi\u00e9n en seguridad e higiene para trabajadores y clientes. La normas extraordinarias deben priorizar y atacar los principales focos de contagio que, seg\u00fan se desprende de los datos de Sanidad, se localizan en \u201cla interacci\u00f3n social y en el \u00e1mbito familiar\u201d, porque quedan al margen del estricto cumplimiento de la normativa. Todos los ciudadanos, sin excepci\u00f3n, deben actuar con m\u00e1xima responsabilidad en sus espacios m\u00e1s privados y por ello, debe incrementarse la informaci\u00f3n que apele a la responsabilidad personal y, si fuera necesario, la vigilancia. No se debe dificultar la movilidad en el transporte privado y debe valorarse si es necesario incrementar la frecuencia del transporte p\u00fablico en las horas de m\u00e1xima afluencia de pasajeros. Los servicios de restauraci\u00f3n de autopistas y carreteras deben mantener la actividad para atender al sector del transporte como si se tratara de servicios esenciales. Para el cumplimiento de las medidas extraordinarias ser\u00e1n necesarias nuevas medidas econ\u00f3micas compensatorias para evitar m\u00e1s cierres de centros de trabajo. [\/vc_column_text][\/vc_column][\/vc_row][vc_row][vc_column width=\u00bb1\/6&#8243;][\/vc_column][vc_column width=\u00bb2\/3&#8243;][\/vc_column][vc_column width=\u00bb1\/6&#8243;][\/vc_column][\/vc_row][vc_row][vc_column][vc_column_text]Ante el anuncio [&hellip;]<\/p>\n","protected":false},"author":10,"featured_media":99636,"comment_status":"closed","ping_status":"closed","sticky":false,"template":"","format":"standard","meta":{"_links_to":"","_links_to_target":""},"categories":[2735,114],"tags":[3950,3952,2589,2964,3949,2777,3951],"acf":[],"wps_subtitle":"Las medidas que implican la pr\u00e1ctica suspensi\u00f3n de la actividad de bares y restaurantes \u201cagrava la crisis y podr\u00edan condenar a la pobreza a miles de trabajadores y empresarios aut\u00f3nomos, en su mayor\u00eda\u201d","_links":{"self":[{"href":"https:\/\/www.foment.com\/es\/wp-json\/wp\/v2\/posts\/99620"}],"collection":[{"href":"https:\/\/www.foment.com\/es\/wp-json\/wp\/v2\/posts"}],"about":[{"href":"https:\/\/www.foment.com\/es\/wp-json\/wp\/v2\/types\/post"}],"author":[{"embeddable":true,"href":"https:\/\/www.foment.com\/es\/wp-json\/wp\/v2\/users\/10"}],"replies":[{"embeddable":true,"href":"https:\/\/www.foment.com\/es\/wp-json\/wp\/v2\/comments?post=99620"}],"version-history":[{"count":5,"href":"https:\/\/www.foment.com\/es\/wp-json\/wp\/v2\/posts\/99620\/revisions"}],"predecessor-version":[{"id":99844,"href":"https:\/\/www.foment.com\/es\/wp-json\/wp\/v2\/posts\/99620\/revisions\/99844"}],"wp:featuredmedia":[{"embeddable":true,"href":"https:\/\/www.foment.com\/es\/wp-json\/wp\/v2\/media\/99636"}],"wp:attachment":[{"href":"https:\/\/www.foment.com\/es\/wp-json\/wp\/v2\/media?parent=99620"}],"wp:term":[{"taxonomy":"category","embeddable":true,"href":"https:\/\/www.foment.com\/es\/wp-json\/wp\/v2\/categories?post=99620"},{"taxonomy":"post_tag","embeddable":true,"href":"https:\/\/www.foment.com\/es\/wp-json\/wp\/v2\/tags?post=99620"}],"curies":[{"name":"wp","href":"https:\/\/api.w.org\/{rel}","templated":true}]}}