{"id":1315,"count":1,"description":"","link":"https:\/\/www.foment.com\/es\/tag\/comisio-rectora-de-formacio-i-qualificacio-professionals-es\/","name":"Comisi\u00f3 Rectora de Formaci\u00f3 i Qualificaci\u00f3 Professionals","slug":"comisio-rectora-de-formacio-i-qualificacio-professionals-es","taxonomy":"post_tag","meta":[],"_links":{"self":[{"href":"https:\/\/www.foment.com\/es\/wp-json\/wp\/v2\/tags\/1315"}],"collection":[{"href":"https:\/\/www.foment.com\/es\/wp-json\/wp\/v2\/tags"}],"about":[{"href":"https:\/\/www.foment.com\/es\/wp-json\/wp\/v2\/taxonomies\/post_tag"}],"wp:post_type":[{"href":"https:\/\/www.foment.com\/es\/wp-json\/wp\/v2\/posts?tags=1315"},{"href":"https:\/\/www.foment.com\/es\/wp-json\/wp\/v2\/ajde_events?tags=1315"}],"curies":[{"name":"wp","href":"https:\/\/api.w.org\/{rel}","templated":true}]}}