{"id":7032,"count":1,"description":"","link":"https:\/\/www.foment.com\/es\/tag\/comissio-rectora-del-sistema-de-formacio-i-qualificacio-professionals-fpcat-es\/","name":"Comissi\u00f3 Rectora del Sistema de Formaci\u00f3 i Qualificaci\u00f3 Professionals (FPCAT)","slug":"comissio-rectora-del-sistema-de-formacio-i-qualificacio-professionals-fpcat-es","taxonomy":"post_tag","meta":[],"_links":{"self":[{"href":"https:\/\/www.foment.com\/es\/wp-json\/wp\/v2\/tags\/7032"}],"collection":[{"href":"https:\/\/www.foment.com\/es\/wp-json\/wp\/v2\/tags"}],"about":[{"href":"https:\/\/www.foment.com\/es\/wp-json\/wp\/v2\/taxonomies\/post_tag"}],"wp:post_type":[{"href":"https:\/\/www.foment.com\/es\/wp-json\/wp\/v2\/posts?tags=7032"},{"href":"https:\/\/www.foment.com\/es\/wp-json\/wp\/v2\/ajde_events?tags=7032"}],"curies":[{"name":"wp","href":"https:\/\/api.w.org\/{rel}","templated":true}]}}